{"id":246,"date":"2023-09-21T18:23:47","date_gmt":"2023-09-21T21:23:47","guid":{"rendered":"https:\/\/www.frigorificosada.com.ar\/blog\/?p=246"},"modified":"2026-01-29T17:37:49","modified_gmt":"2026-01-29T20:37:49","slug":"circuito-productivo-de-la-carne-vacuna-el-paso-a-paso-del-proceso","status":"publish","type":"post","link":"https:\/\/www.frigorificosada.com.ar\/blog\/circuito-productivo-de-la-carne-vacuna-el-paso-a-paso-del-proceso\/","title":{"rendered":"Circuito productivo de la Carne Vacuna: el paso a paso del proceso"},"content":{"rendered":"\n<p><em>An\u00e1lisis de las etapas esenciales sobre los eslabones clave del proceso productivo de la <a href=\"https:\/\/www.frigorificosada.com.ar\/carne-bovina\">carne vacuna<\/a><\/em>.<\/p>\n\n\n\n<p><strong>En el coraz\u00f3n de la industria c\u00e1rnica argentina se encuentra un proceso fascinante y complejo que abarca desde la crianza del ganado hasta la distribuci\u00f3n tanto a nivel local como internacional. <\/strong>En este art\u00edculo, se va a explicar a fondo las distintas etapas que componen el circuito productivo de la carne en el pa\u00eds.<\/p>\n\n\n\n<p>A lo largo de este viaje, se va a separar y explicar cada fase, desde la producci\u00f3n primaria hasta la comercializaci\u00f3n y el consumo final, destacando el papel crucial que desempe\u00f1an los frigor\u00edficos, en particular, <strong>Frigor\u00edfico SADA<\/strong>, en la garant\u00eda de la calidad y seguridad de la carne procesada.<\/p>\n\n\n\n<p>\ud83d\udc49 <em>En este art\u00edculo te explicamos <strong><a href=\"https:\/\/www.frigorificosada.com.ar\/blog\/como-prender-el-fuego-para-el-asado-26enev\/\">c\u00f3mo prender el fuego para el asado<\/a><\/strong> paso a paso, con consejos pr\u00e1cticos y errores comunes a evitar.<\/em><\/p>\n\n\n\n<h2 class=\"wp-block-heading\">Etapas del circuito productivo de la carne en Argentina<\/h2>\n\n\n\n<p><br><strong>El circuito productivo de la carne en Argentina es un proceso complejo que incluye varias y diferentes etapas que, a su vez, se complementan. <\/strong>Esto va desde la cr\u00eda y el cuidado del ganado hasta la distribuci\u00f3n y comercializaci\u00f3n de la carne en el mercado local e internacional. A continuaci\u00f3n, se detallan estas etapas de manera m\u00e1s extensa:&nbsp;<\/p>\n\n\n\n<h3 class=\"wp-block-heading\"><br>Primera Etapa &#8211; Producci\u00f3n Primaria<\/h3>\n\n\n\n<p><br><strong>En esta fase inicial, se cr\u00eda y cuida el ganado en establecimientos rurales dedicados a la ganader\u00eda. <\/strong>Los productores seleccionan el ganado para su posterior engorde y ceba. En el pa\u00eds, la ganader\u00eda es una actividad tradicional y extensa que se lleva a cabo en amplias \u00e1reas de pastizales.<\/p>\n\n\n\n<h3 class=\"wp-block-heading\"><br>Segunda Etapa &#8211; Engorde y Ceba<\/h3>\n\n\n\n<p><br><strong>Los animales seleccionados en la etapa de producci\u00f3n primaria son trasladados a establecimientos de engorde y ceba. <\/strong>En este proceso, se alimentan y cuidan hasta que alcancen el peso adecuado para la faena. Durante esta fase, se busca maximizar el rendimiento de carne por animal.<\/p>\n\n\n\n<h3 class=\"wp-block-heading\"><br>Tercera Etapa &#8211; Faena y Procesamiento<\/h3>\n\n\n\n<p><br>En los frigor\u00edficos autorizados, se lleva a cabo la faena de los animales. <strong>Este proceso es, b\u00e1sicamente, el sacrificio de los animales de manera humanitaria y la posterior transformaci\u00f3n de la carne en diferentes cortes y productos.&nbsp;<\/strong><\/p>\n\n\n\n<p><br>Los frigor\u00edficos, como el Frigor\u00edfico SADA, tienen un papel muy relevante en esta etapa para garantizar la calidad y seguridad de la carne que se produce.&nbsp;<\/p>\n\n\n\n<h3 class=\"wp-block-heading\"><br>Cuarta Etapa &#8211; Distribuci\u00f3n y Comercializaci\u00f3n<\/h3>\n\n\n\n<p><br>Una vez que se procesa,<strong> la carne es distribuida mediante diversas cadenas de distribuci\u00f3n y llega a los puntos de venta, como carnicer\u00edas y supermercados. <\/strong>En esta etapa, se realiza la comercializaci\u00f3n directa al consumidor local.<\/p>\n\n\n\n<h3 class=\"wp-block-heading\"><br>Quinta Etapa &#8211; Consumo y Exportaci\u00f3n<\/h3>\n\n\n\n<p><br><strong>Finalmente, la carne llega al consumidor local a trav\u00e9s de la compra en tiendas y restaurantes.<\/strong> Adem\u00e1s, una parte significativa se exporta a mercados internacionales, lo que convierte a Argentina en uno de los principales exportadores de carne del mundo.<\/p>\n\n\n\n<h2 class=\"wp-block-heading\"><br>Eslabones del proceso productivo de la ganader\u00eda<\/h2>\n\n\n\n<p><br>El proceso productivo de la ganader\u00eda se compone de varios eslabones clave que contribuyen al ciclo de producci\u00f3n de carne y productos relacionados. Estos eslabones incluyen:<\/p>\n\n\n\n<ul class=\"wp-block-list\">\n<li><strong>Primer Eslab\u00f3n &#8211; Cr\u00eda:<\/strong> en esta etapa, se enfoca en la reproducci\u00f3n y el cuidado de los animales j\u00f3venes. Los establecimientos rurales dedicados a la cr\u00eda de ganado se centran en la reproducci\u00f3n controlada y el desarrollo de los terneros.<\/li>\n<\/ul>\n\n\n\n<ul class=\"wp-block-list\">\n<li><strong>Segundo Eslab\u00f3n &#8211; Engorde:<\/strong> los animales j\u00f3venes criados en la etapa de cr\u00eda se trasladan a establecimientos de engorde, donde se alimentan y crecen hasta alcanzar el peso \u00f3ptimo para la faena. Se busca maximizar el rendimiento de carne por animal.<\/li>\n<\/ul>\n\n\n\n<ul class=\"wp-block-list\">\n<li><strong>Tercer Eslab\u00f3n &#8211; Faena: <\/strong>los animales son sacrificados en frigor\u00edficos autorizados, y se procesa la carne para obtener los productos finales que llegan al mercado.<\/li>\n<\/ul>\n\n\n\n<h2 class=\"wp-block-heading\"><br>\u00bfQu\u00e9 papel tiene Frigor\u00edfico SADA en este proceso?<\/h2>\n\n\n\n<p><br><strong>En el contexto de estas etapas y eslabones, Frigor\u00edfico SADA desempe\u00f1a un papel esencial en el <a href=\"https:\/\/www.frigorificosada.com.ar\/servicios\">servicio de faena<\/a> y el <a href=\"https:\/\/www.frigorificosada.com.ar\/blog\/procesamiento-de-la-carne-25spmo\/\">procesamiento de la carne<\/a><\/strong>, adem\u00e1s del de cr\u00eda y engorde, asegurando la calidad y el cumplimiento de las regulaciones.&nbsp;<\/p>\n\n\n\n<p><br><strong>Se cuenta con un campo de cr\u00eda en San Luis, con madres y toros de gen\u00e9tica Aberdeen Angus.<\/strong> Una parte de eso se selecciona para faena, y la otra para nuevas madres o toros. Lo que es destinado a la faena, pasa por el proceso de engorde a pasto, para finalizarlo a los 90 d\u00edas de corral mediante una dieta balanceada.&nbsp;<\/p>\n\n\n\n<p><br><strong>Un detalle no menor, es que Frigor\u00edfico SADA tambi\u00e9n cuenta con camiones propios para el transporte al frigor\u00edfico.<\/strong> Tambi\u00e9n se hace el traslado desde el establecimiento a los locales en las condiciones necesarias, es decir, con las habitaciones e inocuidad que los productos necesitan.&nbsp;<\/p>\n\n\n\n<h2 class=\"wp-block-heading\"><br>Conclusi\u00f3n<\/h2>\n\n\n\n<p><br><strong>En conclusi\u00f3n, es necesario reconocer lo complejo y la relevancia del circuito productivo de la industria de la carne en Argentina.<\/strong> Esto va, desde la cr\u00eda de ganado, hasta la producci\u00f3n de los distintos cortes de carne. Entonces, cada etapa es fundamental para abastecer a los consumidores finales y establecimientos donde se sirven estos cortes.&nbsp;<\/p>\n\n\n\n<p>En relaci\u00f3n con lo explicado, hay una pregunta que nos interesa hacerle a los lectores: <strong>\u00bfCu\u00e1l es tu corte de carne favorito y c\u00f3mo te gusta prepararlo?<\/strong><\/p>\n\n\n\n<h2 class=\"wp-block-heading\"><br>\u00a1En Frigor\u00edfico SADA tenemos a disposici\u00f3n los mejores cortes!<\/h2>\n\n\n\n<p><br><a href=\"https:\/\/www.frigorificosada.com.ar\/\"><strong>Frigor\u00edfico SADA<\/strong><\/a><strong> es una empresa mayorista de carne en Buenos Aires con ya m\u00e1s de 15 a\u00f1os de experiencia en la actividad. <\/strong>Se destaca por la distribuci\u00f3n y producci\u00f3n de todo tipo de cortes de carne a establecimientos como carnicer\u00edas, f\u00e1bricas de embutidos, restaurantes, frigor\u00edficos y distribuidores externos.&nbsp;<\/p>\n\n\n\n<p><br><strong>En el caso de necesitar de un distribuidor de confianza, o la necesidad de comprar alg\u00fan tipo de corte de carne en espec\u00edfico, entonces Frigor\u00edfico SADA es tu elecci\u00f3n ideal. <\/strong>Nuestra planta frigor\u00edfica principal se ubica en San Antonio de Areco (Guiraldes 671) a unos 100 kil\u00f3metros de la Ciudad de Buenos Aires. Tambi\u00e9n tenemos <a href=\"https:\/\/www.frigorificosada.com.ar\/sucursales\">sucursales<\/a> en las zonas de Pilar y San Miguel, en Buenos Aires.&nbsp;<br><br>Si quer\u00e9s contactarnos, pod\u00e9s llamar al <strong>n\u00famero (2326) 456-479, <\/strong>o bien mandar un mensaje v\u00eda<strong> <a href=\"https:\/\/api.whatsapp.com\/send\/?phone=541126999598\"><\/a><strong><strong><a href=\"https:\/\/api.whatsapp.com\/send\/?phone=5492326464720\">WhatsApp al 2326 464720<\/a><\/strong><\/strong><\/strong>. Sin importar el medio que se utilice, siempre vas a recibir una respuesta por parte de los asesores comerciales que trabajan en la empresa.<\/p>\n\n\n\n<div style=\"height:67px\" aria-hidden=\"true\" class=\"wp-block-spacer\"><\/div>\n\n\n\n<div class=\"wp-block-columns alignwide cta-blog has-base-color has-primary-background-color has-text-color has-background has-link-color has-large-font-size wp-elements-e5b4e86d10220e991b7cb255d264b034 is-layout-flex wp-container-core-columns-is-layout-db27d905 wp-block-columns-is-layout-flex\" style=\"border-style:none;border-width:0px;border-radius:30px;margin-top:0;margin-bottom:0;padding-top:0;padding-right:0;padding-bottom:0;padding-left:0\">\n<div class=\"wp-block-column is-layout-flow wp-block-column-is-layout-flow\" style=\"padding-top:var(--wp--preset--spacing--30);padding-bottom:var(--wp--preset--spacing--30)\">\n<p class=\"has-text-align-center cta-text has-base-color has-text-color has-link-color has-large-font-size wp-elements-fcbf2fd70ccc738d7c2b8b0cb9500e45\" style=\"margin-top:0px;margin-right:0px;margin-bottom:0px;margin-left:0px;line-height:1.2\">\u00a1Consegu\u00ed carne vacuna, porcina y menudencias de m\u00e1xima calidad!<\/p>\n<\/div>\n\n\n\n<div class=\"wp-block-column is-layout-flow wp-block-column-is-layout-flow\" style=\"padding-top:var(--wp--preset--spacing--30);padding-bottom:var(--wp--preset--spacing--30)\">\n<div class=\"wp-block-buttons is-content-justification-center is-layout-flex wp-container-core-buttons-is-layout-a89b3969 wp-block-buttons-is-layout-flex\">\n<div class=\"wp-block-button has-custom-width wp-block-button__width-75 cta-button is-style-fill\"><a class=\"wp-block-button__link has-contrast-color has-base-background-color has-text-color has-background has-link-color has-small-font-size has-text-align-center has-custom-font-size wp-element-button\" href=\"https:\/\/www.frigorificosada.com.ar\/productos\" style=\"border-radius:20px;padding-right:0;padding-left:0\"> Conoc\u00e9 nuestros productos<\/a><\/div>\n<\/div>\n<\/div>\n<\/div>\n","protected":false},"excerpt":{"rendered":"<p>An\u00e1lisis de las etapas esenciales sobre los eslabones clave del proceso productivo de la carne vacuna. En el coraz\u00f3n de la industria c\u00e1rnica argentina se encuentra un proceso fascinante y complejo que abarca desde la crianza del ganado hasta la distribuci\u00f3n tanto a nivel local como internacional. En este art\u00edculo, se va a explicar a [&hellip;]<\/p>\n","protected":false},"author":1,"featured_media":247,"comment_status":"open","ping_status":"open","sticky":false,"template":"","format":"standard","meta":{"footnotes":""},"categories":[21,20,18,1],"tags":[],"class_list":["post-246","post","type-post","status-publish","format-standard","has-post-thumbnail","hentry","category-cortes-de-carne-porcina","category-cortes-de-carne-vacuna","category-frigorifico","category-sin-categoria"],"yoast_head":"<!-- This site is optimized with the Yoast SEO plugin v24.9 - https:\/\/yoast.com\/wordpress\/plugins\/seo\/ -->\n<title>Circuito productivo de la carne: Del campo a tu plato<\/title>\n<meta name=\"description\" content=\"Si quer\u00e9s saber c\u00f3mo es el proceso detr\u00e1s del circuito productivo de la carne, entr\u00e1 y descubr\u00ed sus etapas y la funci\u00f3n de los frigor\u00edficos.\" \/>\n<meta name=\"robots\" content=\"index, follow, max-snippet:-1, max-image-preview:large, max-video-preview:-1\" \/>\n<link rel=\"canonical\" href=\"https:\/\/www.frigorificosada.com.ar\/blog\/circuito-productivo-de-la-carne-vacuna-el-paso-a-paso-del-proceso\/\" \/>\n<meta property=\"og:locale\" content=\"es_ES\" \/>\n<meta property=\"og:type\" content=\"article\" \/>\n<meta property=\"og:title\" content=\"Circuito productivo de la carne: Del campo a tu plato\" \/>\n<meta property=\"og:description\" content=\"Si quer\u00e9s saber c\u00f3mo es el proceso detr\u00e1s del circuito productivo de la carne, entr\u00e1 y descubr\u00ed sus etapas y la funci\u00f3n de los frigor\u00edficos.\" \/>\n<meta property=\"og:url\" content=\"https:\/\/www.frigorificosada.com.ar\/blog\/circuito-productivo-de-la-carne-vacuna-el-paso-a-paso-del-proceso\/\" \/>\n<meta property=\"og:site_name\" content=\"Blog Frigor\u00edfico SADA\" \/>\n<meta property=\"article:published_time\" content=\"2023-09-21T21:23:47+00:00\" \/>\n<meta property=\"article:modified_time\" content=\"2026-01-29T20:37:49+00:00\" \/>\n<meta property=\"og:image\" content=\"https:\/\/www.frigorificosada.com.ar\/blog\/wp-content\/uploads\/2023\/09\/Circuito-productivo-de-la-Carne-Vacuna.jpg\" \/>\n\t<meta property=\"og:image:width\" content=\"1280\" \/>\n\t<meta property=\"og:image:height\" content=\"853\" \/>\n\t<meta property=\"og:image:type\" content=\"image\/jpeg\" \/>\n<meta name=\"author\" content=\"Frigorifico SADA\" \/>\n<meta name=\"twitter:card\" content=\"summary_large_image\" \/>\n<meta name=\"twitter:label1\" content=\"Escrito por\" \/>\n\t<meta name=\"twitter:data1\" content=\"Frigorifico SADA\" \/>\n\t<meta name=\"twitter:label2\" content=\"Tiempo de lectura\" \/>\n\t<meta name=\"twitter:data2\" content=\"5 minutos\" \/>\n<script type=\"application\/ld+json\" class=\"yoast-schema-graph\">{\"@context\":\"https:\/\/schema.org\",\"@graph\":[{\"@type\":\"WebPage\",\"@id\":\"https:\/\/www.frigorificosada.com.ar\/blog\/circuito-productivo-de-la-carne-vacuna-el-paso-a-paso-del-proceso\/\",\"url\":\"https:\/\/www.frigorificosada.com.ar\/blog\/circuito-productivo-de-la-carne-vacuna-el-paso-a-paso-del-proceso\/\",\"name\":\"Circuito productivo de la carne: Del campo a tu plato\",\"isPartOf\":{\"@id\":\"https:\/\/www.frigorificosada.com.ar\/blog\/#website\"},\"primaryImageOfPage\":{\"@id\":\"https:\/\/www.frigorificosada.com.ar\/blog\/circuito-productivo-de-la-carne-vacuna-el-paso-a-paso-del-proceso\/#primaryimage\"},\"image\":{\"@id\":\"https:\/\/www.frigorificosada.com.ar\/blog\/circuito-productivo-de-la-carne-vacuna-el-paso-a-paso-del-proceso\/#primaryimage\"},\"thumbnailUrl\":\"https:\/\/www.frigorificosada.com.ar\/blog\/wp-content\/uploads\/2023\/09\/Circuito-productivo-de-la-Carne-Vacuna.jpg\",\"datePublished\":\"2023-09-21T21:23:47+00:00\",\"dateModified\":\"2026-01-29T20:37:49+00:00\",\"author\":{\"@id\":\"https:\/\/www.frigorificosada.com.ar\/blog\/#\/schema\/person\/592d6ec3700a98a73085231129bcb8aa\"},\"description\":\"Si quer\u00e9s saber c\u00f3mo es el proceso detr\u00e1s del circuito productivo de la carne, entr\u00e1 y descubr\u00ed sus etapas y la funci\u00f3n de los frigor\u00edficos.\",\"breadcrumb\":{\"@id\":\"https:\/\/www.frigorificosada.com.ar\/blog\/circuito-productivo-de-la-carne-vacuna-el-paso-a-paso-del-proceso\/#breadcrumb\"},\"inLanguage\":\"es-AR\",\"potentialAction\":[{\"@type\":\"ReadAction\",\"target\":[\"https:\/\/www.frigorificosada.com.ar\/blog\/circuito-productivo-de-la-carne-vacuna-el-paso-a-paso-del-proceso\/\"]}]},{\"@type\":\"ImageObject\",\"inLanguage\":\"es-AR\",\"@id\":\"https:\/\/www.frigorificosada.com.ar\/blog\/circuito-productivo-de-la-carne-vacuna-el-paso-a-paso-del-proceso\/#primaryimage\",\"url\":\"https:\/\/www.frigorificosada.com.ar\/blog\/wp-content\/uploads\/2023\/09\/Circuito-productivo-de-la-Carne-Vacuna.jpg\",\"contentUrl\":\"https:\/\/www.frigorificosada.com.ar\/blog\/wp-content\/uploads\/2023\/09\/Circuito-productivo-de-la-Carne-Vacuna.jpg\",\"width\":1280,\"height\":853,\"caption\":\"Circuito productivo de la Carne Vacuna\"},{\"@type\":\"BreadcrumbList\",\"@id\":\"https:\/\/www.frigorificosada.com.ar\/blog\/circuito-productivo-de-la-carne-vacuna-el-paso-a-paso-del-proceso\/#breadcrumb\",\"itemListElement\":[{\"@type\":\"ListItem\",\"position\":1,\"name\":\"Inicio\",\"item\":\"https:\/\/www.frigorificosada.com.ar\/blog\/\"},{\"@type\":\"ListItem\",\"position\":2,\"name\":\"Circuito productivo de la Carne Vacuna: el paso a paso del proceso\"}]},{\"@type\":\"WebSite\",\"@id\":\"https:\/\/www.frigorificosada.com.ar\/blog\/#website\",\"url\":\"https:\/\/www.frigorificosada.com.ar\/blog\/\",\"name\":\"Blog Frigor\u00edfico SADA\",\"description\":\"\",\"potentialAction\":[{\"@type\":\"SearchAction\",\"target\":{\"@type\":\"EntryPoint\",\"urlTemplate\":\"https:\/\/www.frigorificosada.com.ar\/blog\/?s={search_term_string}\"},\"query-input\":{\"@type\":\"PropertyValueSpecification\",\"valueRequired\":true,\"valueName\":\"search_term_string\"}}],\"inLanguage\":\"es-AR\"},{\"@type\":\"Person\",\"@id\":\"https:\/\/www.frigorificosada.com.ar\/blog\/#\/schema\/person\/592d6ec3700a98a73085231129bcb8aa\",\"name\":\"Frigorifico SADA\",\"image\":{\"@type\":\"ImageObject\",\"inLanguage\":\"es-AR\",\"@id\":\"https:\/\/www.frigorificosada.com.ar\/blog\/#\/schema\/person\/image\/\",\"url\":\"https:\/\/secure.gravatar.com\/avatar\/4728df3565db59c318d31518356a084c41daf02ae0f665ce2549db75fe59ae55?s=96&d=mm&r=g\",\"contentUrl\":\"https:\/\/secure.gravatar.com\/avatar\/4728df3565db59c318d31518356a084c41daf02ae0f665ce2549db75fe59ae55?s=96&d=mm&r=g\",\"caption\":\"Frigorifico SADA\"},\"sameAs\":[\"https:\/\/www.frigorificosada.com.ar\/blog\"],\"url\":\"https:\/\/www.frigorificosada.com.ar\/blog\/author\/mdmarketing\/\"}]}<\/script>\n<!-- \/ Yoast SEO plugin. -->","yoast_head_json":{"title":"Circuito productivo de la carne: Del campo a tu plato","description":"Si quer\u00e9s saber c\u00f3mo es el proceso detr\u00e1s del circuito productivo de la carne, entr\u00e1 y descubr\u00ed sus etapas y la funci\u00f3n de los frigor\u00edficos.","robots":{"index":"index","follow":"follow","max-snippet":"max-snippet:-1","max-image-preview":"max-image-preview:large","max-video-preview":"max-video-preview:-1"},"canonical":"https:\/\/www.frigorificosada.com.ar\/blog\/circuito-productivo-de-la-carne-vacuna-el-paso-a-paso-del-proceso\/","og_locale":"es_ES","og_type":"article","og_title":"Circuito productivo de la carne: Del campo a tu plato","og_description":"Si quer\u00e9s saber c\u00f3mo es el proceso detr\u00e1s del circuito productivo de la carne, entr\u00e1 y descubr\u00ed sus etapas y la funci\u00f3n de los frigor\u00edficos.","og_url":"https:\/\/www.frigorificosada.com.ar\/blog\/circuito-productivo-de-la-carne-vacuna-el-paso-a-paso-del-proceso\/","og_site_name":"Blog Frigor\u00edfico SADA","article_published_time":"2023-09-21T21:23:47+00:00","article_modified_time":"2026-01-29T20:37:49+00:00","og_image":[{"width":1280,"height":853,"url":"https:\/\/www.frigorificosada.com.ar\/blog\/wp-content\/uploads\/2023\/09\/Circuito-productivo-de-la-Carne-Vacuna.jpg","type":"image\/jpeg"}],"author":"Frigorifico SADA","twitter_card":"summary_large_image","twitter_misc":{"Escrito por":"Frigorifico SADA","Tiempo de lectura":"5 minutos"},"schema":{"@context":"https:\/\/schema.org","@graph":[{"@type":"WebPage","@id":"https:\/\/www.frigorificosada.com.ar\/blog\/circuito-productivo-de-la-carne-vacuna-el-paso-a-paso-del-proceso\/","url":"https:\/\/www.frigorificosada.com.ar\/blog\/circuito-productivo-de-la-carne-vacuna-el-paso-a-paso-del-proceso\/","name":"Circuito productivo de la carne: Del campo a tu plato","isPartOf":{"@id":"https:\/\/www.frigorificosada.com.ar\/blog\/#website"},"primaryImageOfPage":{"@id":"https:\/\/www.frigorificosada.com.ar\/blog\/circuito-productivo-de-la-carne-vacuna-el-paso-a-paso-del-proceso\/#primaryimage"},"image":{"@id":"https:\/\/www.frigorificosada.com.ar\/blog\/circuito-productivo-de-la-carne-vacuna-el-paso-a-paso-del-proceso\/#primaryimage"},"thumbnailUrl":"https:\/\/www.frigorificosada.com.ar\/blog\/wp-content\/uploads\/2023\/09\/Circuito-productivo-de-la-Carne-Vacuna.jpg","datePublished":"2023-09-21T21:23:47+00:00","dateModified":"2026-01-29T20:37:49+00:00","author":{"@id":"https:\/\/www.frigorificosada.com.ar\/blog\/#\/schema\/person\/592d6ec3700a98a73085231129bcb8aa"},"description":"Si quer\u00e9s saber c\u00f3mo es el proceso detr\u00e1s del circuito productivo de la carne, entr\u00e1 y descubr\u00ed sus etapas y la funci\u00f3n de los frigor\u00edficos.","breadcrumb":{"@id":"https:\/\/www.frigorificosada.com.ar\/blog\/circuito-productivo-de-la-carne-vacuna-el-paso-a-paso-del-proceso\/#breadcrumb"},"inLanguage":"es-AR","potentialAction":[{"@type":"ReadAction","target":["https:\/\/www.frigorificosada.com.ar\/blog\/circuito-productivo-de-la-carne-vacuna-el-paso-a-paso-del-proceso\/"]}]},{"@type":"ImageObject","inLanguage":"es-AR","@id":"https:\/\/www.frigorificosada.com.ar\/blog\/circuito-productivo-de-la-carne-vacuna-el-paso-a-paso-del-proceso\/#primaryimage","url":"https:\/\/www.frigorificosada.com.ar\/blog\/wp-content\/uploads\/2023\/09\/Circuito-productivo-de-la-Carne-Vacuna.jpg","contentUrl":"https:\/\/www.frigorificosada.com.ar\/blog\/wp-content\/uploads\/2023\/09\/Circuito-productivo-de-la-Carne-Vacuna.jpg","width":1280,"height":853,"caption":"Circuito productivo de la Carne Vacuna"},{"@type":"BreadcrumbList","@id":"https:\/\/www.frigorificosada.com.ar\/blog\/circuito-productivo-de-la-carne-vacuna-el-paso-a-paso-del-proceso\/#breadcrumb","itemListElement":[{"@type":"ListItem","position":1,"name":"Inicio","item":"https:\/\/www.frigorificosada.com.ar\/blog\/"},{"@type":"ListItem","position":2,"name":"Circuito productivo de la Carne Vacuna: el paso a paso del proceso"}]},{"@type":"WebSite","@id":"https:\/\/www.frigorificosada.com.ar\/blog\/#website","url":"https:\/\/www.frigorificosada.com.ar\/blog\/","name":"Blog Frigor\u00edfico SADA","description":"","potentialAction":[{"@type":"SearchAction","target":{"@type":"EntryPoint","urlTemplate":"https:\/\/www.frigorificosada.com.ar\/blog\/?s={search_term_string}"},"query-input":{"@type":"PropertyValueSpecification","valueRequired":true,"valueName":"search_term_string"}}],"inLanguage":"es-AR"},{"@type":"Person","@id":"https:\/\/www.frigorificosada.com.ar\/blog\/#\/schema\/person\/592d6ec3700a98a73085231129bcb8aa","name":"Frigorifico SADA","image":{"@type":"ImageObject","inLanguage":"es-AR","@id":"https:\/\/www.frigorificosada.com.ar\/blog\/#\/schema\/person\/image\/","url":"https:\/\/secure.gravatar.com\/avatar\/4728df3565db59c318d31518356a084c41daf02ae0f665ce2549db75fe59ae55?s=96&d=mm&r=g","contentUrl":"https:\/\/secure.gravatar.com\/avatar\/4728df3565db59c318d31518356a084c41daf02ae0f665ce2549db75fe59ae55?s=96&d=mm&r=g","caption":"Frigorifico SADA"},"sameAs":["https:\/\/www.frigorificosada.com.ar\/blog"],"url":"https:\/\/www.frigorificosada.com.ar\/blog\/author\/mdmarketing\/"}]}},"_links":{"self":[{"href":"https:\/\/www.frigorificosada.com.ar\/blog\/wp-json\/wp\/v2\/posts\/246","targetHints":{"allow":["GET"]}}],"collection":[{"href":"https:\/\/www.frigorificosada.com.ar\/blog\/wp-json\/wp\/v2\/posts"}],"about":[{"href":"https:\/\/www.frigorificosada.com.ar\/blog\/wp-json\/wp\/v2\/types\/post"}],"author":[{"embeddable":true,"href":"https:\/\/www.frigorificosada.com.ar\/blog\/wp-json\/wp\/v2\/users\/1"}],"replies":[{"embeddable":true,"href":"https:\/\/www.frigorificosada.com.ar\/blog\/wp-json\/wp\/v2\/comments?post=246"}],"version-history":[{"count":12,"href":"https:\/\/www.frigorificosada.com.ar\/blog\/wp-json\/wp\/v2\/posts\/246\/revisions"}],"predecessor-version":[{"id":964,"href":"https:\/\/www.frigorificosada.com.ar\/blog\/wp-json\/wp\/v2\/posts\/246\/revisions\/964"}],"wp:featuredmedia":[{"embeddable":true,"href":"https:\/\/www.frigorificosada.com.ar\/blog\/wp-json\/wp\/v2\/media\/247"}],"wp:attachment":[{"href":"https:\/\/www.frigorificosada.com.ar\/blog\/wp-json\/wp\/v2\/media?parent=246"}],"wp:term":[{"taxonomy":"category","embeddable":true,"href":"https:\/\/www.frigorificosada.com.ar\/blog\/wp-json\/wp\/v2\/categories?post=246"},{"taxonomy":"post_tag","embeddable":true,"href":"https:\/\/www.frigorificosada.com.ar\/blog\/wp-json\/wp\/v2\/tags?post=246"}],"curies":[{"name":"wp","href":"https:\/\/api.w.org\/{rel}","templated":true}]}}