{"id":267,"date":"2023-11-21T17:32:40","date_gmt":"2023-11-21T20:32:40","guid":{"rendered":"https:\/\/www.frigorificosada.com.ar\/blog\/?p=267"},"modified":"2025-09-26T11:55:07","modified_gmt":"2025-09-26T14:55:07","slug":"que-corte-es-el-bife-de-chorizo-por-que-se-llama-asi-y-como-se-cocina","status":"publish","type":"post","link":"https:\/\/www.frigorificosada.com.ar\/blog\/que-corte-es-el-bife-de-chorizo-por-que-se-llama-asi-y-como-se-cocina\/","title":{"rendered":"\u00bfQu\u00e9 es el bife de chorizo?"},"content":{"rendered":"\n<p><\/p>\n\n\n\n<p><strong>El bife de chorizo es la costeleta sin hueso, ubicado en la cara externa del lomo de la vaca<\/strong>. A este corte se lo llama as\u00ed por su forma, ya que, al separarse de las costillas de la vaca, el trozo de carne parece un chorizo.<\/p>\n\n\n\n<p><strong>El origen del nombre es un misterio, sin una explicaci\u00f3n definitiva. Tambi\u00e9n es conocido como <a href=\"https:\/\/www.frigorificosada.com.ar\/blog\/como-hacer-un-buen-asado-argentino-a-la-parrilla\/\">tira de asado<\/a> o churrasquitos<\/strong>. Hay muchas teor\u00edas que sugieren que el nombre proviene de la forma del corte, mientras que otras apuntan a un argentinismo de la palabra &#8220;beef&#8221; (carne vacuna, en ingl\u00e9s) o &#8220;beefsteak&#8221;.<\/p>\n\n\n\n<p><strong>La gastronom\u00eda tradicional Argentina destaca por sus carnes, y entre los <a href=\"https:\/\/www.frigorificosada.com.ar\/carne-bovina\">cortes de carne vacuna<\/a> m\u00e1s conocidos se encuentra el bife de chorizo.<\/strong> A pesar de su nombre, este tradicional corte no tiene relaci\u00f3n con el chorizo en s\u00ed.&nbsp;<\/p>\n\n\n\n<p>En este breve art\u00edculo, te vamos a explicar qu\u00e9 es el bife de chorizo, la intriga de su denominaci\u00f3n peculiar y algunas formas populares de cocinarlo. Desde su jugosidad hasta su misterioso nombre, el bife de chorizo es un deleite para los amantes de la carne.&nbsp;<\/p>\n\n\n\n<p><strong>\u00a1Acomp\u00e1\u00f1anos en este viaje culinario para descubrir m\u00e1s sobre este corte!<\/strong><\/p>\n\n\n\n<p><\/p>\n\n\n\n<h2 class=\"wp-block-heading\">\u00bfEn qu\u00e9 parte de la vaca se encuentra el bife de chorizo?<\/h2>\n\n\n\n<p>El bife de chorizo es un <a href=\"https:\/\/www.frigorificosada.com.ar\/blog\/tipos-de-carne-de-vacuno-que-es-la-carne-de-novillo-novillito-de-ternera-y-vaquillona-y-cuales-son-sus-principales-diferencias\/\">tipo de corte de carne vacuna<\/a> que es apreciado por su ternura y jugosidad. Se ubica en la parte posterior del lomo de la vaca, en la parte dorsal. <strong>Cuando es desprendido de la vaca, suele tener las costillas que despu\u00e9s es separada por el cocinero.<\/strong> Otro nombre que se le puede dar es bife angosto deshuesado.&nbsp;<\/p>\n\n\n\n<p><\/p>\n\n\n\n<h2 class=\"wp-block-heading\">Recetas con este corte de carne<\/h2>\n\n\n\n<p><strong>El bife de chorizo puede prepararse de diversas maneras para resaltar su jugosidad y sabor caracter\u00edsticos. <\/strong>A continuaci\u00f3n, se mencionan tres de los m\u00e9todos m\u00e1s habituales y conocidos:&nbsp;<\/p>\n\n\n\n<p><\/p>\n\n\n\n<h3 class=\"wp-block-heading\">Bife de chorizo a la parrilla<\/h3>\n\n\n\n<p><strong>La preparaci\u00f3n consiste en sazonar el bife con sal gruesa poco antes de cocinarlo para preservar sus jugos internos. <\/strong>Adicionalmente, es posible marinarlo con especias o hierbas a preferencia. La cocci\u00f3n de este corte consiste en color el bife sobre la parrilla a fuego medio, volte\u00e1ndolo una vez para que se selle uniformemente. Es necesario controlar el tiempo de cocci\u00f3n a preferencia.<\/p>\n\n\n\n<p><\/p>\n\n\n\n<h3 class=\"wp-block-heading\">Bife de chorizo a la plancha<\/h3>\n\n\n\n<p>El bife de chorizo a la plancha puede hacerse sazon\u00e1ndolo con sal y pimienta a gusto, a\u00f1adiendo ajo y hierbas para aumentar su sabor. <strong>La cocci\u00f3n consiste en calentar la planta a fuego medio-alto y colocando el corte, cocin\u00e1ndolo de lado a lado seg\u00fan las preferencias.<\/strong><\/p>\n\n\n\n<p><\/p>\n\n\n\n<h3 class=\"wp-block-heading\">Bife de chorizo al horno<\/h3>\n\n\n\n<p><strong>En el caso del bife de chorizo al horno, puede ser preparada marinada con ajo, hierbas y aceites de oliva.<\/strong> Para su cocci\u00f3n, primero es necesario precalentar el horno a una temperatura alta, despu\u00e9s se tiene que colocar el corte en la fuente para colocar en el horno y esperar a que alcance el punto deseado.<\/p>\n\n\n\n<p>\u00bfQuer\u00e9s conocer m\u00e1s recetas? En este art\u00edculo te contamos cu\u00e1l es el <a href=\"https:\/\/www.frigorificosada.com.ar\/blog\/sabores-fundamentales-la-eleccion-de-la-carne-para-vitel-tone\/\">mejor corte de carne para hacer vitel ton\u00e9<\/a> y la receta original paso a paso.<\/p>\n\n\n\n<h2 class=\"wp-block-heading\">En Frigor\u00edfico SADA ofrecemos carne de excelente calidad<\/h2>\n\n\n\n<p>En <a href=\"https:\/\/www.frigorificosada.com.ar\/\"><strong>Frigor\u00edfico SADA<\/strong><\/a> ofrecemos bifes de chorizo de la m\u00e1s alta calidad. Nos especializamos en el <strong><a href=\"https:\/\/www.frigorificosada.com.ar\/blog\/procesamiento-de-la-carne-25spmo\/\">procesamiento de la carne<\/a><\/strong> y distribuci\u00f3n de todo tipo de cortes con est\u00e1ndares superiores, asegurando frescura y sabor inigualables. <strong>Nuestras <\/strong><a href=\"https:\/\/www.frigorificosada.com.ar\/sucursales\"><strong>sucursales en Pilar y San Miguel<\/strong><\/a><strong> son puntos de referencia para quienes buscan carne argentina de primera.<\/strong><\/p>\n\n\n\n<p>Ofrecemos opciones para consumidores finales y para establecimientos comerciales, como carnicer\u00edas, restaurantes y servicios de catering. Si busc\u00e1s la mejor carne para tu negocio, <strong>\u00a1Cont\u00e1ctanos!&nbsp;<\/strong><\/p>\n\n\n\n<p>Nuestra planta frigor\u00edfica principal se ubica en <strong>San Antonio de Areco (Guiraldes 671) a unos 100 kil\u00f3metros de la Ciudad de Buenos Aires.<\/strong> Para contactarnos, pod\u00e9s <a href=\"tel:+542326456479\">llamar al n\u00famero <strong>(2326) 456-479<\/strong><\/a>, o mandar un mensaje al <strong><a href=\"https:\/\/api.whatsapp.com\/send\/?phone=541132724320\"><\/a><a href=\"https:\/\/api.whatsapp.com\/send\/?phone=541126999598\"><strong><strong><\/strong><\/strong><\/a><strong><strong><a href=\"https:\/\/api.whatsapp.com\/send\/?phone=5492326464720\">WhatsApp al 2326 464720<\/a><\/strong><\/strong>.<\/strong><\/p>\n\n\n\n<div style=\"height:67px\" aria-hidden=\"true\" class=\"wp-block-spacer\"><\/div>\n\n\n\n<div class=\"wp-block-columns alignwide cta-blog has-base-color has-primary-background-color has-text-color has-background has-link-color has-large-font-size wp-elements-f4c761e7d3c12367c9b3fb6848d2385a is-layout-flex wp-container-core-columns-is-layout-db27d905 wp-block-columns-is-layout-flex\" style=\"border-style:none;border-width:0px;border-radius:30px;margin-top:0;margin-bottom:0;padding-top:0;padding-right:0;padding-bottom:0;padding-left:0\">\n<div class=\"wp-block-column is-layout-flow wp-block-column-is-layout-flow\" style=\"padding-top:var(--wp--preset--spacing--30);padding-bottom:var(--wp--preset--spacing--30)\">\n<p class=\"has-text-align-center cta-text has-base-color has-text-color has-link-color has-large-font-size wp-elements-fcbf2fd70ccc738d7c2b8b0cb9500e45\" style=\"margin-top:0px;margin-right:0px;margin-bottom:0px;margin-left:0px;line-height:1.2\">\u00a1Consegu\u00ed carne vacuna, porcina y menudencias de m\u00e1xima calidad!<\/p>\n<\/div>\n\n\n\n<div class=\"wp-block-column is-layout-flow wp-block-column-is-layout-flow\" style=\"padding-top:var(--wp--preset--spacing--30);padding-bottom:var(--wp--preset--spacing--30)\">\n<div class=\"wp-block-buttons is-content-justification-center is-layout-flex wp-container-core-buttons-is-layout-a89b3969 wp-block-buttons-is-layout-flex\">\n<div class=\"wp-block-button has-custom-width wp-block-button__width-75 cta-button is-style-fill\"><a class=\"wp-block-button__link has-contrast-color has-base-background-color has-text-color has-background has-link-color has-small-font-size has-text-align-center has-custom-font-size wp-element-button\" href=\"https:\/\/www.frigorificosada.com.ar\/productos.php\" style=\"border-radius:20px;padding-right:0;padding-left:0\"> Conoc\u00e9 nuestros productos<\/a><\/div>\n<\/div>\n<\/div>\n<\/div>\n","protected":false},"excerpt":{"rendered":"<p>El bife de chorizo es la costeleta sin hueso, ubicado en la cara externa del lomo de la vaca. A este corte se lo llama as\u00ed por su forma, ya que, al separarse de las costillas de la vaca, el trozo de carne parece un chorizo. El origen del nombre es un misterio, sin una [&hellip;]<\/p>\n","protected":false},"author":1,"featured_media":269,"comment_status":"open","ping_status":"closed","sticky":false,"template":"","format":"standard","meta":{"footnotes":""},"categories":[20,19],"tags":[15,16,17],"class_list":["post-267","post","type-post","status-publish","format-standard","has-post-thumbnail","hentry","category-cortes-de-carne-vacuna","category-recetas","tag-bife-de-chorizo","tag-carne-vacuna","tag-recetas"],"yoast_head":"<!-- This site is optimized with the Yoast SEO plugin v24.9 - https:\/\/yoast.com\/wordpress\/plugins\/seo\/ -->\n<title>Bife de Chorizo: Tradici\u00f3n y sabor en un corte cl\u00e1sico argentino<\/title>\n<meta name=\"description\" content=\"Descubre el fascinante mundo del bife de chorizo argentino, su origen, el enigma detr\u00e1s de su nombre y tres deliciosas formas de cocinarlo.\" \/>\n<meta name=\"robots\" content=\"index, follow, max-snippet:-1, max-image-preview:large, max-video-preview:-1\" \/>\n<link rel=\"canonical\" href=\"https:\/\/www.frigorificosada.com.ar\/blog\/que-corte-es-el-bife-de-chorizo-por-que-se-llama-asi-y-como-se-cocina\/\" \/>\n<meta property=\"og:locale\" content=\"es_ES\" \/>\n<meta property=\"og:type\" content=\"article\" \/>\n<meta property=\"og:title\" content=\"Bife de Chorizo: Tradici\u00f3n y sabor en un corte cl\u00e1sico argentino\" \/>\n<meta property=\"og:description\" content=\"Descubre el fascinante mundo del bife de chorizo argentino, su origen, el enigma detr\u00e1s de su nombre y tres deliciosas formas de cocinarlo.\" \/>\n<meta property=\"og:url\" content=\"https:\/\/www.frigorificosada.com.ar\/blog\/que-corte-es-el-bife-de-chorizo-por-que-se-llama-asi-y-como-se-cocina\/\" \/>\n<meta property=\"og:site_name\" content=\"Blog Frigor\u00edfico SADA\" \/>\n<meta property=\"article:published_time\" content=\"2023-11-21T20:32:40+00:00\" \/>\n<meta property=\"article:modified_time\" content=\"2025-09-26T14:55:07+00:00\" \/>\n<meta property=\"og:image\" content=\"https:\/\/www.frigorificosada.com.ar\/blog\/wp-content\/uploads\/2023\/11\/Que-corte-es-el-bife-de-chorizo-por-que-se-llama-asi-y-como-se-cocina.jpg\" \/>\n\t<meta property=\"og:image:width\" content=\"1200\" \/>\n\t<meta property=\"og:image:height\" content=\"673\" \/>\n\t<meta property=\"og:image:type\" content=\"image\/jpeg\" \/>\n<meta name=\"author\" content=\"Frigorifico SADA\" \/>\n<meta name=\"twitter:card\" content=\"summary_large_image\" \/>\n<meta name=\"twitter:label1\" content=\"Escrito por\" \/>\n\t<meta name=\"twitter:data1\" content=\"Frigorifico SADA\" \/>\n\t<meta name=\"twitter:label2\" content=\"Tiempo de lectura\" \/>\n\t<meta name=\"twitter:data2\" content=\"4 minutos\" \/>\n<script type=\"application\/ld+json\" class=\"yoast-schema-graph\">{\"@context\":\"https:\/\/schema.org\",\"@graph\":[{\"@type\":\"WebPage\",\"@id\":\"https:\/\/www.frigorificosada.com.ar\/blog\/que-corte-es-el-bife-de-chorizo-por-que-se-llama-asi-y-como-se-cocina\/\",\"url\":\"https:\/\/www.frigorificosada.com.ar\/blog\/que-corte-es-el-bife-de-chorizo-por-que-se-llama-asi-y-como-se-cocina\/\",\"name\":\"Bife de Chorizo: Tradici\u00f3n y sabor en un corte cl\u00e1sico argentino\",\"isPartOf\":{\"@id\":\"https:\/\/www.frigorificosada.com.ar\/blog\/#website\"},\"primaryImageOfPage\":{\"@id\":\"https:\/\/www.frigorificosada.com.ar\/blog\/que-corte-es-el-bife-de-chorizo-por-que-se-llama-asi-y-como-se-cocina\/#primaryimage\"},\"image\":{\"@id\":\"https:\/\/www.frigorificosada.com.ar\/blog\/que-corte-es-el-bife-de-chorizo-por-que-se-llama-asi-y-como-se-cocina\/#primaryimage\"},\"thumbnailUrl\":\"https:\/\/www.frigorificosada.com.ar\/blog\/wp-content\/uploads\/2023\/11\/Que-corte-es-el-bife-de-chorizo-por-que-se-llama-asi-y-como-se-cocina.jpg\",\"datePublished\":\"2023-11-21T20:32:40+00:00\",\"dateModified\":\"2025-09-26T14:55:07+00:00\",\"author\":{\"@id\":\"https:\/\/www.frigorificosada.com.ar\/blog\/#\/schema\/person\/592d6ec3700a98a73085231129bcb8aa\"},\"description\":\"Descubre el fascinante mundo del bife de chorizo argentino, su origen, el enigma detr\u00e1s de su nombre y tres deliciosas formas de cocinarlo.\",\"breadcrumb\":{\"@id\":\"https:\/\/www.frigorificosada.com.ar\/blog\/que-corte-es-el-bife-de-chorizo-por-que-se-llama-asi-y-como-se-cocina\/#breadcrumb\"},\"inLanguage\":\"es-AR\",\"potentialAction\":[{\"@type\":\"ReadAction\",\"target\":[\"https:\/\/www.frigorificosada.com.ar\/blog\/que-corte-es-el-bife-de-chorizo-por-que-se-llama-asi-y-como-se-cocina\/\"]}]},{\"@type\":\"ImageObject\",\"inLanguage\":\"es-AR\",\"@id\":\"https:\/\/www.frigorificosada.com.ar\/blog\/que-corte-es-el-bife-de-chorizo-por-que-se-llama-asi-y-como-se-cocina\/#primaryimage\",\"url\":\"https:\/\/www.frigorificosada.com.ar\/blog\/wp-content\/uploads\/2023\/11\/Que-corte-es-el-bife-de-chorizo-por-que-se-llama-asi-y-como-se-cocina.jpg\",\"contentUrl\":\"https:\/\/www.frigorificosada.com.ar\/blog\/wp-content\/uploads\/2023\/11\/Que-corte-es-el-bife-de-chorizo-por-que-se-llama-asi-y-como-se-cocina.jpg\",\"width\":1200,\"height\":673,\"caption\":\"bife de chorizo\"},{\"@type\":\"BreadcrumbList\",\"@id\":\"https:\/\/www.frigorificosada.com.ar\/blog\/que-corte-es-el-bife-de-chorizo-por-que-se-llama-asi-y-como-se-cocina\/#breadcrumb\",\"itemListElement\":[{\"@type\":\"ListItem\",\"position\":1,\"name\":\"Inicio\",\"item\":\"https:\/\/www.frigorificosada.com.ar\/blog\/\"},{\"@type\":\"ListItem\",\"position\":2,\"name\":\"\u00bfQu\u00e9 es el bife de chorizo?\"}]},{\"@type\":\"WebSite\",\"@id\":\"https:\/\/www.frigorificosada.com.ar\/blog\/#website\",\"url\":\"https:\/\/www.frigorificosada.com.ar\/blog\/\",\"name\":\"Blog Frigor\u00edfico SADA\",\"description\":\"\",\"potentialAction\":[{\"@type\":\"SearchAction\",\"target\":{\"@type\":\"EntryPoint\",\"urlTemplate\":\"https:\/\/www.frigorificosada.com.ar\/blog\/?s={search_term_string}\"},\"query-input\":{\"@type\":\"PropertyValueSpecification\",\"valueRequired\":true,\"valueName\":\"search_term_string\"}}],\"inLanguage\":\"es-AR\"},{\"@type\":\"Person\",\"@id\":\"https:\/\/www.frigorificosada.com.ar\/blog\/#\/schema\/person\/592d6ec3700a98a73085231129bcb8aa\",\"name\":\"Frigorifico SADA\",\"image\":{\"@type\":\"ImageObject\",\"inLanguage\":\"es-AR\",\"@id\":\"https:\/\/www.frigorificosada.com.ar\/blog\/#\/schema\/person\/image\/\",\"url\":\"https:\/\/secure.gravatar.com\/avatar\/4728df3565db59c318d31518356a084c41daf02ae0f665ce2549db75fe59ae55?s=96&d=mm&r=g\",\"contentUrl\":\"https:\/\/secure.gravatar.com\/avatar\/4728df3565db59c318d31518356a084c41daf02ae0f665ce2549db75fe59ae55?s=96&d=mm&r=g\",\"caption\":\"Frigorifico SADA\"},\"sameAs\":[\"https:\/\/www.frigorificosada.com.ar\/blog\"],\"url\":\"https:\/\/www.frigorificosada.com.ar\/blog\/author\/mdmarketing\/\"}]}<\/script>\n<!-- \/ Yoast SEO plugin. -->","yoast_head_json":{"title":"Bife de Chorizo: Tradici\u00f3n y sabor en un corte cl\u00e1sico argentino","description":"Descubre el fascinante mundo del bife de chorizo argentino, su origen, el enigma detr\u00e1s de su nombre y tres deliciosas formas de cocinarlo.","robots":{"index":"index","follow":"follow","max-snippet":"max-snippet:-1","max-image-preview":"max-image-preview:large","max-video-preview":"max-video-preview:-1"},"canonical":"https:\/\/www.frigorificosada.com.ar\/blog\/que-corte-es-el-bife-de-chorizo-por-que-se-llama-asi-y-como-se-cocina\/","og_locale":"es_ES","og_type":"article","og_title":"Bife de Chorizo: Tradici\u00f3n y sabor en un corte cl\u00e1sico argentino","og_description":"Descubre el fascinante mundo del bife de chorizo argentino, su origen, el enigma detr\u00e1s de su nombre y tres deliciosas formas de cocinarlo.","og_url":"https:\/\/www.frigorificosada.com.ar\/blog\/que-corte-es-el-bife-de-chorizo-por-que-se-llama-asi-y-como-se-cocina\/","og_site_name":"Blog Frigor\u00edfico SADA","article_published_time":"2023-11-21T20:32:40+00:00","article_modified_time":"2025-09-26T14:55:07+00:00","og_image":[{"width":1200,"height":673,"url":"https:\/\/www.frigorificosada.com.ar\/blog\/wp-content\/uploads\/2023\/11\/Que-corte-es-el-bife-de-chorizo-por-que-se-llama-asi-y-como-se-cocina.jpg","type":"image\/jpeg"}],"author":"Frigorifico SADA","twitter_card":"summary_large_image","twitter_misc":{"Escrito por":"Frigorifico SADA","Tiempo de lectura":"4 minutos"},"schema":{"@context":"https:\/\/schema.org","@graph":[{"@type":"WebPage","@id":"https:\/\/www.frigorificosada.com.ar\/blog\/que-corte-es-el-bife-de-chorizo-por-que-se-llama-asi-y-como-se-cocina\/","url":"https:\/\/www.frigorificosada.com.ar\/blog\/que-corte-es-el-bife-de-chorizo-por-que-se-llama-asi-y-como-se-cocina\/","name":"Bife de Chorizo: Tradici\u00f3n y sabor en un corte cl\u00e1sico argentino","isPartOf":{"@id":"https:\/\/www.frigorificosada.com.ar\/blog\/#website"},"primaryImageOfPage":{"@id":"https:\/\/www.frigorificosada.com.ar\/blog\/que-corte-es-el-bife-de-chorizo-por-que-se-llama-asi-y-como-se-cocina\/#primaryimage"},"image":{"@id":"https:\/\/www.frigorificosada.com.ar\/blog\/que-corte-es-el-bife-de-chorizo-por-que-se-llama-asi-y-como-se-cocina\/#primaryimage"},"thumbnailUrl":"https:\/\/www.frigorificosada.com.ar\/blog\/wp-content\/uploads\/2023\/11\/Que-corte-es-el-bife-de-chorizo-por-que-se-llama-asi-y-como-se-cocina.jpg","datePublished":"2023-11-21T20:32:40+00:00","dateModified":"2025-09-26T14:55:07+00:00","author":{"@id":"https:\/\/www.frigorificosada.com.ar\/blog\/#\/schema\/person\/592d6ec3700a98a73085231129bcb8aa"},"description":"Descubre el fascinante mundo del bife de chorizo argentino, su origen, el enigma detr\u00e1s de su nombre y tres deliciosas formas de cocinarlo.","breadcrumb":{"@id":"https:\/\/www.frigorificosada.com.ar\/blog\/que-corte-es-el-bife-de-chorizo-por-que-se-llama-asi-y-como-se-cocina\/#breadcrumb"},"inLanguage":"es-AR","potentialAction":[{"@type":"ReadAction","target":["https:\/\/www.frigorificosada.com.ar\/blog\/que-corte-es-el-bife-de-chorizo-por-que-se-llama-asi-y-como-se-cocina\/"]}]},{"@type":"ImageObject","inLanguage":"es-AR","@id":"https:\/\/www.frigorificosada.com.ar\/blog\/que-corte-es-el-bife-de-chorizo-por-que-se-llama-asi-y-como-se-cocina\/#primaryimage","url":"https:\/\/www.frigorificosada.com.ar\/blog\/wp-content\/uploads\/2023\/11\/Que-corte-es-el-bife-de-chorizo-por-que-se-llama-asi-y-como-se-cocina.jpg","contentUrl":"https:\/\/www.frigorificosada.com.ar\/blog\/wp-content\/uploads\/2023\/11\/Que-corte-es-el-bife-de-chorizo-por-que-se-llama-asi-y-como-se-cocina.jpg","width":1200,"height":673,"caption":"bife de chorizo"},{"@type":"BreadcrumbList","@id":"https:\/\/www.frigorificosada.com.ar\/blog\/que-corte-es-el-bife-de-chorizo-por-que-se-llama-asi-y-como-se-cocina\/#breadcrumb","itemListElement":[{"@type":"ListItem","position":1,"name":"Inicio","item":"https:\/\/www.frigorificosada.com.ar\/blog\/"},{"@type":"ListItem","position":2,"name":"\u00bfQu\u00e9 es el bife de chorizo?"}]},{"@type":"WebSite","@id":"https:\/\/www.frigorificosada.com.ar\/blog\/#website","url":"https:\/\/www.frigorificosada.com.ar\/blog\/","name":"Blog Frigor\u00edfico SADA","description":"","potentialAction":[{"@type":"SearchAction","target":{"@type":"EntryPoint","urlTemplate":"https:\/\/www.frigorificosada.com.ar\/blog\/?s={search_term_string}"},"query-input":{"@type":"PropertyValueSpecification","valueRequired":true,"valueName":"search_term_string"}}],"inLanguage":"es-AR"},{"@type":"Person","@id":"https:\/\/www.frigorificosada.com.ar\/blog\/#\/schema\/person\/592d6ec3700a98a73085231129bcb8aa","name":"Frigorifico SADA","image":{"@type":"ImageObject","inLanguage":"es-AR","@id":"https:\/\/www.frigorificosada.com.ar\/blog\/#\/schema\/person\/image\/","url":"https:\/\/secure.gravatar.com\/avatar\/4728df3565db59c318d31518356a084c41daf02ae0f665ce2549db75fe59ae55?s=96&d=mm&r=g","contentUrl":"https:\/\/secure.gravatar.com\/avatar\/4728df3565db59c318d31518356a084c41daf02ae0f665ce2549db75fe59ae55?s=96&d=mm&r=g","caption":"Frigorifico SADA"},"sameAs":["https:\/\/www.frigorificosada.com.ar\/blog"],"url":"https:\/\/www.frigorificosada.com.ar\/blog\/author\/mdmarketing\/"}]}},"_links":{"self":[{"href":"https:\/\/www.frigorificosada.com.ar\/blog\/wp-json\/wp\/v2\/posts\/267","targetHints":{"allow":["GET"]}}],"collection":[{"href":"https:\/\/www.frigorificosada.com.ar\/blog\/wp-json\/wp\/v2\/posts"}],"about":[{"href":"https:\/\/www.frigorificosada.com.ar\/blog\/wp-json\/wp\/v2\/types\/post"}],"author":[{"embeddable":true,"href":"https:\/\/www.frigorificosada.com.ar\/blog\/wp-json\/wp\/v2\/users\/1"}],"replies":[{"embeddable":true,"href":"https:\/\/www.frigorificosada.com.ar\/blog\/wp-json\/wp\/v2\/comments?post=267"}],"version-history":[{"count":13,"href":"https:\/\/www.frigorificosada.com.ar\/blog\/wp-json\/wp\/v2\/posts\/267\/revisions"}],"predecessor-version":[{"id":879,"href":"https:\/\/www.frigorificosada.com.ar\/blog\/wp-json\/wp\/v2\/posts\/267\/revisions\/879"}],"wp:featuredmedia":[{"embeddable":true,"href":"https:\/\/www.frigorificosada.com.ar\/blog\/wp-json\/wp\/v2\/media\/269"}],"wp:attachment":[{"href":"https:\/\/www.frigorificosada.com.ar\/blog\/wp-json\/wp\/v2\/media?parent=267"}],"wp:term":[{"taxonomy":"category","embeddable":true,"href":"https:\/\/www.frigorificosada.com.ar\/blog\/wp-json\/wp\/v2\/categories?post=267"},{"taxonomy":"post_tag","embeddable":true,"href":"https:\/\/www.frigorificosada.com.ar\/blog\/wp-json\/wp\/v2\/tags?post=267"}],"curies":[{"name":"wp","href":"https:\/\/api.w.org\/{rel}","templated":true}]}}