{"id":354,"date":"2023-12-14T12:06:46","date_gmt":"2023-12-14T15:06:46","guid":{"rendered":"https:\/\/www.frigorificosada.com.ar\/blog\/?p=354"},"modified":"2025-09-26T11:54:07","modified_gmt":"2025-09-26T14:54:07","slug":"sabores-fundamentales-la-eleccion-de-la-carne-para-vitel-tone","status":"publish","type":"post","link":"https:\/\/www.frigorificosada.com.ar\/blog\/sabores-fundamentales-la-eleccion-de-la-carne-para-vitel-tone\/","title":{"rendered":"Sabores fundamentales: La elecci\u00f3n de la carne para vitel ton\u00e9"},"content":{"rendered":"\n<p><em>Revelando los secretos culinarios: Una gu\u00eda completa sobre la receta original de vitel ton\u00e9 y su preparaci\u00f3n perfecta<\/em><\/p>\n\n\n\n<p>Cocinar un buen plato de vitel ton\u00e9 es una de las tradiciones culinarias m\u00e1s anheladas en la cultura Argentina, y m\u00e1s ahora en Navidad. Esta preparaci\u00f3n se destaca por su combinaci\u00f3n de sabores y suavidad \u00fanica. Por eso mismo, en este art\u00edculo, te vamos a explicar <strong>con qu\u00e9 carne se hace el vitel ton\u00e9, cu\u00e1l es el mejor corte que podemos recomendarte y la receta para que puedas prepararlo paso a paso<\/strong>.&nbsp;<\/p>\n\n\n\n<h2 class=\"wp-block-heading\">\u00bfCon qu\u00e9 carne se hace el vitel ton\u00e9?<\/h2>\n\n\n\n<p>Para que puedas preparar un vitel ton\u00e9, hay que usar <strong>carne de ternera<\/strong>, espec\u00edficamente un corte conocido como &#8220;<strong>peceto<\/strong>&#8220;. Este <a href=\"https:\/\/www.frigorificosada.com.ar\/carne-bovina\">corte de carne bovina<\/a> proviene de la parte posterior de la pierna del animal y es magro, tierno y perfecto para esta receta. El peceto se tiene que cocinar mediante un proceso de cocci\u00f3n lenta que le da su<strong> textura suave y jugosa.<\/strong><\/p>\n\n\n\n<h2 class=\"wp-block-heading\">\u00bfCu\u00e1l es el mejor corte de carne para hacer vitel ton\u00e9?<\/h2>\n\n\n\n<p><strong>El mejor <\/strong><a href=\"https:\/\/www.frigorificosada.com.ar\/blog\/tipos-de-carne-de-vacuno-que-es-la-carne-de-novillo-novillito-de-ternera-y-vaquillona-y-cuales-son-sus-principales-diferencias\/\"><strong>corte de carne de ternera<\/strong><\/a><strong> para hacer vitel ton\u00e9 es el peceto. <\/strong>Este corte se origina de la parte posterior de la pierna de ternera, y su magrura y ternura lo convierten en la elecci\u00f3n tradicional y preferida para preparar este plato cl\u00e1sico argentino.<\/p>\n\n\n\n<h2 class=\"wp-block-heading\">\u00bfC\u00f3mo cocinar vitel ton\u00e9?&nbsp;<\/h2>\n\n\n\n<p>Al igual que con muchos otros <a href=\"https:\/\/www.frigorificosada.com.ar\/productos\">tipos de cortes de carne<\/a>, existen distintas formas de preparar vitel ton\u00e9, aunque la receta original es la siguiente:&nbsp;<\/p>\n\n\n\n<h3 class=\"wp-block-heading\">\u00bfC\u00f3mo se prepara la carne del vitel ton\u00e9?<\/h3>\n\n\n\n<p>Para preparar la carne del vitel ton\u00e9, generalmente se utiliza carne de ternera magra, preferiblemente redondo o lomo. <strong>Puede ser cocinada en un caldo aromatizado con verduras, hierbas y especias.<\/strong> Despu\u00e9s de cocer la carne, se enfr\u00eda y se corta en lonjas finas.<\/p>\n\n\n\n<h3 class=\"wp-block-heading\">\u00bfC\u00f3mo cocinar la carne para el vitel ton\u00e9?<\/h3>\n\n\n\n<p>El proceso de cocci\u00f3n como tal implica hervir la carne en el caldo que explicamos anteriormente hasta que alcance la ternura perfecta. <strong>Este m\u00e9todo permite que la carne est\u00e9 jugosa y llena de sabores para que puedas disfrutar.&nbsp;<\/strong><\/p>\n\n\n\n<p>El tiempo de cocci\u00f3n puede variar, pero se busca lograr una textura tierna que se deshaga en la boca al saborear el platillo final. Los pasos m\u00e1s recomendados para lograr esto son:&nbsp;<\/p>\n\n\n\n<p>&#8211; <strong>Hervir la carne de ternera<\/strong> en agua con zanahorias, cebollas, apio, laurel y pimienta hasta que est\u00e9 tierna.<\/p>\n\n\n\n<p>&#8211; <strong>Dejar enfriar <\/strong>la carne en el caldo para que absorba los sabores.<\/p>\n\n\n\n<p>&#8211; Una vez fr\u00eda, se tiene que <strong>cortar la carne en finas rodajas.<\/strong><\/p>\n\n\n\n<h3 class=\"wp-block-heading\">\u00bfCu\u00e1nto tiempo se hierve un peceto para vitel ton\u00e9?<\/h3>\n\n\n\n<p><strong>El peceto tiene que hervirse durante aproximadamente 1 hora por cada kilogramo de carne.<\/strong> Este tiempo puede variar seg\u00fan la preferencia de cocci\u00f3n, pero la clave es lograr una carne tierna y jugosa, adherida a las preferencias de cada cocinero.&nbsp;<\/p>\n\n\n\n<h3 class=\"wp-block-heading\">Receta de vitel ton\u00e9 paso a paso<\/h3>\n\n\n\n<p>La preparaci\u00f3n de la carne para el vitel ton\u00e9, as\u00ed como la receta completa, puede variar, pero ac\u00e1 te compartimos una receta paso a paso para guiarte:<\/p>\n\n\n\n<p>Antes de los pasos para la receta, es importante que tengas los ingredientes b\u00e1sicos:&nbsp;<\/p>\n\n\n\n<p>&#8211; Peceto (carne de ternera)<\/p>\n\n\n\n<p>&#8211; Caldo de verduras<\/p>\n\n\n\n<p>&#8211; Aceite de oliva<\/p>\n\n\n\n<p>&#8211; Anchoas<\/p>\n\n\n\n<p>&#8211; At\u00fan en aceite<\/p>\n\n\n\n<p>&#8211; Yemas de huevo<\/p>\n\n\n\n<p>&#8211; Mostaza<\/p>\n\n\n\n<p>&#8211; Vinagre<\/p>\n\n\n\n<p>&#8211; Sal y pimienta<\/p>\n\n\n\n<p>Una vez que se tenga posesi\u00f3n de los ingredientes b\u00e1sicos para la preparaci\u00f3n del vitel ton\u00e9, <strong>es importante que sigas estos pasos:&nbsp;<\/strong><\/p>\n\n\n\n<p>&#8211; Se tiene que<strong> cocinar el peceto en caldo de verduras <\/strong>hasta que est\u00e9 tierno.<\/p>\n\n\n\n<p>&#8211; En una procesadora,<strong> se mezclan anchoas, at\u00fan, yemas de huevo, mostaza, vinagre, sal y pimienta.<\/strong><\/p>\n\n\n\n<p>&#8211; <strong>Agregar aceite de oliva en forma de hilo<\/strong> mientras se procesa hasta obtener una salsa.<\/p>\n\n\n\n<p>&#8211; <strong>Cubrir el peceto con la salsa y refrigerarlo.<\/strong><\/p>\n\n\n\n<p>&#8211; <strong>Se sirve fr\u00edo<\/strong>, cortado en fetas finas.<\/p>\n\n\n\n<p>Este enfoque es b\u00e1sico y vas a poder ajustar los ingredientes seg\u00fan tu gusto. La clave es lograr una carne tierna y una salsa sabrosa.<\/p>\n\n\n\n<p><\/p>\n\n\n\n<h2 class=\"wp-block-heading\">\u00bfCon qu\u00e9 otra carne se puede hacer el vitel ton\u00e9?<\/h2>\n\n\n\n<p>Si bien el vitel ton\u00e9 tradicionalmente se prepara con <strong>peceto de ternera<\/strong>, pero si prefieres variar o no tienes acceso a este corte, puedes utilizar otras carnes similares en textura y sabor. Algunas opciones incluyen:<\/p>\n\n\n\n<ol class=\"wp-block-list\">\n<li><strong>Lomo de cerdo:<\/strong> Tiene una textura suave y un sabor delicado, similar al peceto.<\/li>\n\n\n\n<li><strong>Carr\u00e9 de cerdo:<\/strong> Otra opci\u00f3n con buena textura, ideal para absorber los sabores de la salsa.<\/li>\n\n\n\n<li><strong>Matambre de ternera:<\/strong> Aunque tiene una textura distinta, es una alternativa popular en algunas regiones.<\/li>\n<\/ol>\n\n\n\n<p>Recuerda ajustar los tiempos de cocci\u00f3n seg\u00fan el tipo de carne que elijas para lograr una textura tierna y jugosa. La salsa, con base de mayonesa, anchoas y at\u00fan, es vers\u00e1til y combina bien con estas variantes.<\/p>\n\n\n\n<p><\/p>\n\n\n\n<h2 class=\"wp-block-heading\">En Frigor\u00edfico SADA ofrecemos la mejor carne para hacer vitel ton\u00e9<\/h2>\n\n\n\n<p>En <a href=\"https:\/\/www.frigorificosada.com.ar\/\"><strong>Frigor\u00edfico SADA<\/strong><\/a> podemos ofrecerte los mejores cortes de carne bovina y <a href=\"https:\/\/www.frigorificosada.com.ar\/carne-porcina\">cortes de carne porcina<\/a> para que puedas preparar vitel ton\u00e9 para las fiestas o cualquier otro momento del a\u00f1o. Nos especializamos en el <a href=\"https:\/\/www.frigorificosada.com.ar\/blog\/procesamiento-de-la-carne-25spmo\/\">procesamiento y distribuci\u00f3n de todo tipo de carnes<\/a>, aportando sabor y frescura.\u00a0\u00a0<\/p>\n\n\n\n<p>Contamos con <a href=\"https:\/\/www.frigorificosada.com.ar\/sucursales\"><strong>sucursales en Pilar y San Miguel<\/strong><\/a>, destacando por ser puntos de referencia muy conocidos para adquirir carne de primera calidad en la regi\u00f3n. Adem\u00e1s, la empresa ofrece opciones para consumidores finales y otros establecimientos comerciales, como servicios de catering, restaurantes y carnicer\u00edas de barrio, entre otras.<\/p>\n\n\n\n<p>Nuestra planta frigor\u00edfica central se ubica en <a href=\"https:\/\/goo.gl\/maps\/Zqw115p58YTZrWDG9\"><strong>San Antonio de Areco (Guiraldes 671)<\/strong><\/a><strong>, a aproximadamente 100 kil\u00f3metros de la Ciudad de Buenos Aires.<\/strong> Para contactarnos, pod\u00e9s llamar al n\u00famero <strong><a href=\"tel:+542326456479\">(2326) 456-479<\/a><\/strong>, o mandar un mensaje al <strong><a href=\"https:\/\/api.whatsapp.com\/send\/?phone=541132724320\"><\/a><a href=\"https:\/\/api.whatsapp.com\/send\/?phone=541126999598\"><strong><strong><\/strong><\/strong><\/a><strong><strong><a href=\"https:\/\/api.whatsapp.com\/send\/?phone=5492326464720\">WhatsApp al 2326 464720<\/a><\/strong><\/strong>.<\/strong><\/p>\n\n\n\n<div style=\"height:67px\" aria-hidden=\"true\" class=\"wp-block-spacer\"><\/div>\n\n\n\n<div class=\"wp-block-columns alignwide cta-blog has-base-color has-primary-background-color has-text-color has-background has-link-color has-large-font-size wp-elements-f4c761e7d3c12367c9b3fb6848d2385a is-layout-flex wp-container-core-columns-is-layout-db27d905 wp-block-columns-is-layout-flex\" style=\"border-style:none;border-width:0px;border-radius:30px;margin-top:0;margin-bottom:0;padding-top:0;padding-right:0;padding-bottom:0;padding-left:0\">\n<div class=\"wp-block-column is-layout-flow wp-block-column-is-layout-flow\" style=\"padding-top:var(--wp--preset--spacing--30);padding-bottom:var(--wp--preset--spacing--30)\">\n<p class=\"has-text-align-center cta-text has-base-color has-text-color has-link-color has-large-font-size wp-elements-fcbf2fd70ccc738d7c2b8b0cb9500e45\" style=\"margin-top:0px;margin-right:0px;margin-bottom:0px;margin-left:0px;line-height:1.2\">\u00a1Consegu\u00ed carne vacuna, porcina y menudencias de m\u00e1xima calidad!<\/p>\n<\/div>\n\n\n\n<div class=\"wp-block-column is-layout-flow wp-block-column-is-layout-flow\" style=\"padding-top:var(--wp--preset--spacing--30);padding-bottom:var(--wp--preset--spacing--30)\">\n<div class=\"wp-block-buttons is-content-justification-center is-layout-flex wp-container-core-buttons-is-layout-a89b3969 wp-block-buttons-is-layout-flex\">\n<div class=\"wp-block-button has-custom-width wp-block-button__width-75 cta-button is-style-fill\"><a class=\"wp-block-button__link has-contrast-color has-base-background-color has-text-color has-background has-link-color has-small-font-size has-text-align-center has-custom-font-size wp-element-button\" href=\"https:\/\/www.frigorificosada.com.ar\/productos.php\" style=\"border-radius:20px;padding-right:0;padding-left:0\"> Conoc\u00e9 nuestros productos<\/a><\/div>\n<\/div>\n<\/div>\n<\/div>\n","protected":false},"excerpt":{"rendered":"<p>Revelando los secretos culinarios: Una gu\u00eda completa sobre la receta original de vitel ton\u00e9 y su preparaci\u00f3n perfecta Cocinar un buen plato de vitel ton\u00e9 es una de las tradiciones culinarias m\u00e1s anheladas en la cultura Argentina, y m\u00e1s ahora en Navidad. Esta preparaci\u00f3n se destaca por su combinaci\u00f3n de sabores y suavidad \u00fanica. Por [&hellip;]<\/p>\n","protected":false},"author":1,"featured_media":670,"comment_status":"open","ping_status":"open","sticky":false,"template":"","format":"standard","meta":{"footnotes":""},"categories":[20,19],"tags":[16,17],"class_list":["post-354","post","type-post","status-publish","format-standard","has-post-thumbnail","hentry","category-cortes-de-carne-vacuna","category-recetas","tag-carne-vacuna","tag-recetas"],"yoast_head":"<!-- This site is optimized with the Yoast SEO plugin v24.9 - https:\/\/yoast.com\/wordpress\/plugins\/seo\/ -->\n<title>Carne para vitel ton\u00e9: Secretos de la receta original<\/title>\n<meta name=\"description\" content=\"La elecci\u00f3n de la carne para vitel ton\u00e9 es un arte en s\u00ed misma. Aqu\u00ed desentra\u00f1aremos los secretos que hacen de esta receta una delicia \u00fanica.\" \/>\n<meta name=\"robots\" content=\"index, follow, max-snippet:-1, max-image-preview:large, max-video-preview:-1\" \/>\n<link rel=\"canonical\" href=\"https:\/\/www.frigorificosada.com.ar\/blog\/sabores-fundamentales-la-eleccion-de-la-carne-para-vitel-tone\/\" \/>\n<meta property=\"og:locale\" content=\"es_ES\" \/>\n<meta property=\"og:type\" content=\"article\" \/>\n<meta property=\"og:title\" content=\"Carne para vitel ton\u00e9: Secretos de la receta original\" \/>\n<meta property=\"og:description\" content=\"La elecci\u00f3n de la carne para vitel ton\u00e9 es un arte en s\u00ed misma. Aqu\u00ed desentra\u00f1aremos los secretos que hacen de esta receta una delicia \u00fanica.\" \/>\n<meta property=\"og:url\" content=\"https:\/\/www.frigorificosada.com.ar\/blog\/sabores-fundamentales-la-eleccion-de-la-carne-para-vitel-tone\/\" \/>\n<meta property=\"og:site_name\" content=\"Blog Frigor\u00edfico SADA\" \/>\n<meta property=\"article:published_time\" content=\"2023-12-14T15:06:46+00:00\" \/>\n<meta property=\"article:modified_time\" content=\"2025-09-26T14:54:07+00:00\" \/>\n<meta property=\"og:image\" content=\"https:\/\/www.frigorificosada.com.ar\/blog\/wp-content\/uploads\/2023\/12\/carne-para-vitel-tone.jpg\" \/>\n\t<meta property=\"og:image:width\" content=\"1200\" \/>\n\t<meta property=\"og:image:height\" content=\"686\" \/>\n\t<meta property=\"og:image:type\" content=\"image\/jpeg\" \/>\n<meta name=\"author\" content=\"Frigorifico SADA\" \/>\n<meta name=\"twitter:card\" content=\"summary_large_image\" \/>\n<meta name=\"twitter:label1\" content=\"Escrito por\" \/>\n\t<meta name=\"twitter:data1\" content=\"Frigorifico SADA\" \/>\n\t<meta name=\"twitter:label2\" content=\"Tiempo de lectura\" \/>\n\t<meta name=\"twitter:data2\" content=\"5 minutos\" \/>\n<script type=\"application\/ld+json\" class=\"yoast-schema-graph\">{\"@context\":\"https:\/\/schema.org\",\"@graph\":[{\"@type\":\"WebPage\",\"@id\":\"https:\/\/www.frigorificosada.com.ar\/blog\/sabores-fundamentales-la-eleccion-de-la-carne-para-vitel-tone\/\",\"url\":\"https:\/\/www.frigorificosada.com.ar\/blog\/sabores-fundamentales-la-eleccion-de-la-carne-para-vitel-tone\/\",\"name\":\"Carne para vitel ton\u00e9: Secretos de la receta original\",\"isPartOf\":{\"@id\":\"https:\/\/www.frigorificosada.com.ar\/blog\/#website\"},\"primaryImageOfPage\":{\"@id\":\"https:\/\/www.frigorificosada.com.ar\/blog\/sabores-fundamentales-la-eleccion-de-la-carne-para-vitel-tone\/#primaryimage\"},\"image\":{\"@id\":\"https:\/\/www.frigorificosada.com.ar\/blog\/sabores-fundamentales-la-eleccion-de-la-carne-para-vitel-tone\/#primaryimage\"},\"thumbnailUrl\":\"https:\/\/www.frigorificosada.com.ar\/blog\/wp-content\/uploads\/2023\/12\/carne-para-vitel-tone.jpg\",\"datePublished\":\"2023-12-14T15:06:46+00:00\",\"dateModified\":\"2025-09-26T14:54:07+00:00\",\"author\":{\"@id\":\"https:\/\/www.frigorificosada.com.ar\/blog\/#\/schema\/person\/592d6ec3700a98a73085231129bcb8aa\"},\"description\":\"La elecci\u00f3n de la carne para vitel ton\u00e9 es un arte en s\u00ed misma. Aqu\u00ed desentra\u00f1aremos los secretos que hacen de esta receta una delicia \u00fanica.\",\"breadcrumb\":{\"@id\":\"https:\/\/www.frigorificosada.com.ar\/blog\/sabores-fundamentales-la-eleccion-de-la-carne-para-vitel-tone\/#breadcrumb\"},\"inLanguage\":\"es-AR\",\"potentialAction\":[{\"@type\":\"ReadAction\",\"target\":[\"https:\/\/www.frigorificosada.com.ar\/blog\/sabores-fundamentales-la-eleccion-de-la-carne-para-vitel-tone\/\"]}]},{\"@type\":\"ImageObject\",\"inLanguage\":\"es-AR\",\"@id\":\"https:\/\/www.frigorificosada.com.ar\/blog\/sabores-fundamentales-la-eleccion-de-la-carne-para-vitel-tone\/#primaryimage\",\"url\":\"https:\/\/www.frigorificosada.com.ar\/blog\/wp-content\/uploads\/2023\/12\/carne-para-vitel-tone.jpg\",\"contentUrl\":\"https:\/\/www.frigorificosada.com.ar\/blog\/wp-content\/uploads\/2023\/12\/carne-para-vitel-tone.jpg\",\"width\":1200,\"height\":686,\"caption\":\"carne para vitel ton\u00e9\"},{\"@type\":\"BreadcrumbList\",\"@id\":\"https:\/\/www.frigorificosada.com.ar\/blog\/sabores-fundamentales-la-eleccion-de-la-carne-para-vitel-tone\/#breadcrumb\",\"itemListElement\":[{\"@type\":\"ListItem\",\"position\":1,\"name\":\"Inicio\",\"item\":\"https:\/\/www.frigorificosada.com.ar\/blog\/\"},{\"@type\":\"ListItem\",\"position\":2,\"name\":\"Sabores fundamentales: La elecci\u00f3n de la carne para vitel ton\u00e9\"}]},{\"@type\":\"WebSite\",\"@id\":\"https:\/\/www.frigorificosada.com.ar\/blog\/#website\",\"url\":\"https:\/\/www.frigorificosada.com.ar\/blog\/\",\"name\":\"Blog Frigor\u00edfico SADA\",\"description\":\"\",\"potentialAction\":[{\"@type\":\"SearchAction\",\"target\":{\"@type\":\"EntryPoint\",\"urlTemplate\":\"https:\/\/www.frigorificosada.com.ar\/blog\/?s={search_term_string}\"},\"query-input\":{\"@type\":\"PropertyValueSpecification\",\"valueRequired\":true,\"valueName\":\"search_term_string\"}}],\"inLanguage\":\"es-AR\"},{\"@type\":\"Person\",\"@id\":\"https:\/\/www.frigorificosada.com.ar\/blog\/#\/schema\/person\/592d6ec3700a98a73085231129bcb8aa\",\"name\":\"Frigorifico SADA\",\"image\":{\"@type\":\"ImageObject\",\"inLanguage\":\"es-AR\",\"@id\":\"https:\/\/www.frigorificosada.com.ar\/blog\/#\/schema\/person\/image\/\",\"url\":\"https:\/\/secure.gravatar.com\/avatar\/4728df3565db59c318d31518356a084c41daf02ae0f665ce2549db75fe59ae55?s=96&d=mm&r=g\",\"contentUrl\":\"https:\/\/secure.gravatar.com\/avatar\/4728df3565db59c318d31518356a084c41daf02ae0f665ce2549db75fe59ae55?s=96&d=mm&r=g\",\"caption\":\"Frigorifico SADA\"},\"sameAs\":[\"https:\/\/www.frigorificosada.com.ar\/blog\"],\"url\":\"https:\/\/www.frigorificosada.com.ar\/blog\/author\/mdmarketing\/\"}]}<\/script>\n<!-- \/ Yoast SEO plugin. -->","yoast_head_json":{"title":"Carne para vitel ton\u00e9: Secretos de la receta original","description":"La elecci\u00f3n de la carne para vitel ton\u00e9 es un arte en s\u00ed misma. Aqu\u00ed desentra\u00f1aremos los secretos que hacen de esta receta una delicia \u00fanica.","robots":{"index":"index","follow":"follow","max-snippet":"max-snippet:-1","max-image-preview":"max-image-preview:large","max-video-preview":"max-video-preview:-1"},"canonical":"https:\/\/www.frigorificosada.com.ar\/blog\/sabores-fundamentales-la-eleccion-de-la-carne-para-vitel-tone\/","og_locale":"es_ES","og_type":"article","og_title":"Carne para vitel ton\u00e9: Secretos de la receta original","og_description":"La elecci\u00f3n de la carne para vitel ton\u00e9 es un arte en s\u00ed misma. Aqu\u00ed desentra\u00f1aremos los secretos que hacen de esta receta una delicia \u00fanica.","og_url":"https:\/\/www.frigorificosada.com.ar\/blog\/sabores-fundamentales-la-eleccion-de-la-carne-para-vitel-tone\/","og_site_name":"Blog Frigor\u00edfico SADA","article_published_time":"2023-12-14T15:06:46+00:00","article_modified_time":"2025-09-26T14:54:07+00:00","og_image":[{"width":1200,"height":686,"url":"https:\/\/www.frigorificosada.com.ar\/blog\/wp-content\/uploads\/2023\/12\/carne-para-vitel-tone.jpg","type":"image\/jpeg"}],"author":"Frigorifico SADA","twitter_card":"summary_large_image","twitter_misc":{"Escrito por":"Frigorifico SADA","Tiempo de lectura":"5 minutos"},"schema":{"@context":"https:\/\/schema.org","@graph":[{"@type":"WebPage","@id":"https:\/\/www.frigorificosada.com.ar\/blog\/sabores-fundamentales-la-eleccion-de-la-carne-para-vitel-tone\/","url":"https:\/\/www.frigorificosada.com.ar\/blog\/sabores-fundamentales-la-eleccion-de-la-carne-para-vitel-tone\/","name":"Carne para vitel ton\u00e9: Secretos de la receta original","isPartOf":{"@id":"https:\/\/www.frigorificosada.com.ar\/blog\/#website"},"primaryImageOfPage":{"@id":"https:\/\/www.frigorificosada.com.ar\/blog\/sabores-fundamentales-la-eleccion-de-la-carne-para-vitel-tone\/#primaryimage"},"image":{"@id":"https:\/\/www.frigorificosada.com.ar\/blog\/sabores-fundamentales-la-eleccion-de-la-carne-para-vitel-tone\/#primaryimage"},"thumbnailUrl":"https:\/\/www.frigorificosada.com.ar\/blog\/wp-content\/uploads\/2023\/12\/carne-para-vitel-tone.jpg","datePublished":"2023-12-14T15:06:46+00:00","dateModified":"2025-09-26T14:54:07+00:00","author":{"@id":"https:\/\/www.frigorificosada.com.ar\/blog\/#\/schema\/person\/592d6ec3700a98a73085231129bcb8aa"},"description":"La elecci\u00f3n de la carne para vitel ton\u00e9 es un arte en s\u00ed misma. Aqu\u00ed desentra\u00f1aremos los secretos que hacen de esta receta una delicia \u00fanica.","breadcrumb":{"@id":"https:\/\/www.frigorificosada.com.ar\/blog\/sabores-fundamentales-la-eleccion-de-la-carne-para-vitel-tone\/#breadcrumb"},"inLanguage":"es-AR","potentialAction":[{"@type":"ReadAction","target":["https:\/\/www.frigorificosada.com.ar\/blog\/sabores-fundamentales-la-eleccion-de-la-carne-para-vitel-tone\/"]}]},{"@type":"ImageObject","inLanguage":"es-AR","@id":"https:\/\/www.frigorificosada.com.ar\/blog\/sabores-fundamentales-la-eleccion-de-la-carne-para-vitel-tone\/#primaryimage","url":"https:\/\/www.frigorificosada.com.ar\/blog\/wp-content\/uploads\/2023\/12\/carne-para-vitel-tone.jpg","contentUrl":"https:\/\/www.frigorificosada.com.ar\/blog\/wp-content\/uploads\/2023\/12\/carne-para-vitel-tone.jpg","width":1200,"height":686,"caption":"carne para vitel ton\u00e9"},{"@type":"BreadcrumbList","@id":"https:\/\/www.frigorificosada.com.ar\/blog\/sabores-fundamentales-la-eleccion-de-la-carne-para-vitel-tone\/#breadcrumb","itemListElement":[{"@type":"ListItem","position":1,"name":"Inicio","item":"https:\/\/www.frigorificosada.com.ar\/blog\/"},{"@type":"ListItem","position":2,"name":"Sabores fundamentales: La elecci\u00f3n de la carne para vitel ton\u00e9"}]},{"@type":"WebSite","@id":"https:\/\/www.frigorificosada.com.ar\/blog\/#website","url":"https:\/\/www.frigorificosada.com.ar\/blog\/","name":"Blog Frigor\u00edfico SADA","description":"","potentialAction":[{"@type":"SearchAction","target":{"@type":"EntryPoint","urlTemplate":"https:\/\/www.frigorificosada.com.ar\/blog\/?s={search_term_string}"},"query-input":{"@type":"PropertyValueSpecification","valueRequired":true,"valueName":"search_term_string"}}],"inLanguage":"es-AR"},{"@type":"Person","@id":"https:\/\/www.frigorificosada.com.ar\/blog\/#\/schema\/person\/592d6ec3700a98a73085231129bcb8aa","name":"Frigorifico SADA","image":{"@type":"ImageObject","inLanguage":"es-AR","@id":"https:\/\/www.frigorificosada.com.ar\/blog\/#\/schema\/person\/image\/","url":"https:\/\/secure.gravatar.com\/avatar\/4728df3565db59c318d31518356a084c41daf02ae0f665ce2549db75fe59ae55?s=96&d=mm&r=g","contentUrl":"https:\/\/secure.gravatar.com\/avatar\/4728df3565db59c318d31518356a084c41daf02ae0f665ce2549db75fe59ae55?s=96&d=mm&r=g","caption":"Frigorifico SADA"},"sameAs":["https:\/\/www.frigorificosada.com.ar\/blog"],"url":"https:\/\/www.frigorificosada.com.ar\/blog\/author\/mdmarketing\/"}]}},"_links":{"self":[{"href":"https:\/\/www.frigorificosada.com.ar\/blog\/wp-json\/wp\/v2\/posts\/354","targetHints":{"allow":["GET"]}}],"collection":[{"href":"https:\/\/www.frigorificosada.com.ar\/blog\/wp-json\/wp\/v2\/posts"}],"about":[{"href":"https:\/\/www.frigorificosada.com.ar\/blog\/wp-json\/wp\/v2\/types\/post"}],"author":[{"embeddable":true,"href":"https:\/\/www.frigorificosada.com.ar\/blog\/wp-json\/wp\/v2\/users\/1"}],"replies":[{"embeddable":true,"href":"https:\/\/www.frigorificosada.com.ar\/blog\/wp-json\/wp\/v2\/comments?post=354"}],"version-history":[{"count":9,"href":"https:\/\/www.frigorificosada.com.ar\/blog\/wp-json\/wp\/v2\/posts\/354\/revisions"}],"predecessor-version":[{"id":878,"href":"https:\/\/www.frigorificosada.com.ar\/blog\/wp-json\/wp\/v2\/posts\/354\/revisions\/878"}],"wp:featuredmedia":[{"embeddable":true,"href":"https:\/\/www.frigorificosada.com.ar\/blog\/wp-json\/wp\/v2\/media\/670"}],"wp:attachment":[{"href":"https:\/\/www.frigorificosada.com.ar\/blog\/wp-json\/wp\/v2\/media?parent=354"}],"wp:term":[{"taxonomy":"category","embeddable":true,"href":"https:\/\/www.frigorificosada.com.ar\/blog\/wp-json\/wp\/v2\/categories?post=354"},{"taxonomy":"post_tag","embeddable":true,"href":"https:\/\/www.frigorificosada.com.ar\/blog\/wp-json\/wp\/v2\/tags?post=354"}],"curies":[{"name":"wp","href":"https:\/\/api.w.org\/{rel}","templated":true}]}}