{"id":460,"date":"2024-08-01T17:06:31","date_gmt":"2024-08-01T20:06:31","guid":{"rendered":"https:\/\/www.frigorificosada.com.ar\/blog\/?p=460"},"modified":"2025-06-17T16:52:26","modified_gmt":"2025-06-17T19:52:26","slug":"porcion-de-carne-por-persona","status":"publish","type":"post","link":"https:\/\/www.frigorificosada.com.ar\/blog\/porcion-de-carne-por-persona\/","title":{"rendered":"\u00bfCu\u00e1l es la porci\u00f3n adecuada de carne por persona?"},"content":{"rendered":"\n<p>Antes de empezar a comer, es importante que las personas conozcan bien c\u00f3mo balancear su dieta y elegir correctamente la cantidad de <strong>carne que van a ingerir<\/strong>. Que puedas medir con certeza la <strong>porci\u00f3n de carne por persona<\/strong> va a ayudarte a evitar un consumo excesivo de calor\u00edas y grasas saturadas, reduciendo el riesgo de tener enfermedades que se relacionen a esto, como las cardiovasculares, ciabetes tipo 2, dislipidemias, el s\u00edntoma metab\u00f3lico y, en casos mucho m\u00e1s extremos, el c\u00e1ncer.&nbsp;<\/p>\n\n\n\n<p>Si ten\u00e9s inter\u00e9s en conocer m\u00e1s sobre cu\u00e1nta cantidad de carne ten\u00e9s que ingerir diariamente, te vamos a compartir muchas recomendaciones y m\u00e9todos para que puedas <strong>medir las porciones de carne <\/strong>de manera precisa, asegurando que se cumplan tus necesidades nutricionales, sin excederte, y sin importar el tipo de carne o el corte.<\/p>\n\n\n\n<h2 class=\"wp-block-heading\">\u00bfCu\u00e1l es una porci\u00f3n adecuada de carne?<\/h2>\n\n\n\n<p>Una<strong> porci\u00f3n adecuada de carne <\/strong>se refiere a la <strong>cantidad espec\u00edfica<\/strong> que se recomienda consumir en una sola comida. Es importante que se sepa medir las porciones correctamente para tener una <strong>dieta equilibrada <\/strong>y evitar as\u00ed el consumo excesivo de calor\u00edas, grasas saturadas y otros componentes que pueden afectar la salud. Una porci\u00f3n adecuada <a href=\"https:\/\/www.frigorificosada.com.ar\/carne-bovina\">carne de vacuno<\/a> o porcino ayuda a obtener los nutrientes necesarios sin excederse, contribuyendo as\u00ed a una alimentaci\u00f3n saludable y balanceada.<\/p>\n\n\n\n<h2 class=\"wp-block-heading\">\u00bfCu\u00e1nta carne se calcula por persona?<\/h2>\n\n\n\n<p>Por lo general, <strong>una porci\u00f3n de carne para una persona promedio suele estar entre 70 y 100 gramos<\/strong>. Si est\u00e1s buscando o necesit\u00e1s saber <strong>cu\u00e1nta cantidad de carne<\/strong> es la indicada para que pueda ingerir una persona por comida, prest\u00e1 atenci\u00f3n a los siguientes apartados que tenemos para vos:&nbsp;<\/p>\n\n\n\n<h3 class=\"wp-block-heading\">\u00bfCu\u00e1ntos gramos es una porci\u00f3n de carne?<\/h3>\n\n\n\n<p>Seg\u00fan los organismos de salud, se recomienda limitar el consumo de carne roja a <strong>aproximadamente 70 gramos por d\u00eda<\/strong>, o <strong>500 gramos por semana<\/strong>, para reducir el riesgo de enfermedades relacionadas con una ingesta excesiva de carnes rojas.&nbsp;<\/p>\n\n\n\n<p>En el caso de otras carnes, como el pollo o el pescado, las porciones pueden variar, pero generalmente se considera similar en t\u00e9rminos de peso (gramos).&nbsp;<\/p>\n\n\n\n<h3 class=\"wp-block-heading\">\u00bfC\u00f3mo medir la porci\u00f3n de carne en gramos?<\/h3>\n\n\n\n<p>Para poder medir una porci\u00f3n de carne de manera precisa, es decir, en gramos, es recomendable utilizar una balanza de cocina. De este modo, es posible <strong>pesar la carne antes de cocinarla<\/strong> y asegurarse de que se est\u00e1 consumiendo la cantidad adecuada.&nbsp;<\/p>\n\n\n\n<p>Adem\u00e1s, un m\u00e9todo que es muy pr\u00e1ctico es<strong> usar la palma de la mano como referencia<\/strong>: una porci\u00f3n de carne del tama\u00f1o de la palma de tu mano equivale aproximadamente a 100 gramos. Este m\u00e9todo es \u00fatil si una persona no dispone de una balanza para medir.&nbsp;<\/p>\n\n\n\n<h3 class=\"wp-block-heading\">\u00bfLas porciones de carne se pesan crudas o cocidas?<\/h3>\n\n\n\n<p>Las <strong>porciones se pesan crudas siempre<\/strong>, como pasa en la <a href=\"https:\/\/www.frigorificosada.com.ar\/sucursales\">carnicer\u00eda<\/a> cuando alguien va a comprar. Cuando se est\u00e1n cocinando, la carne pierde agua y grasa, lo que naturalmente hace que su peso se reduzca.\u00a0<\/p>\n\n\n\n<p>De este modo, al pesar la carne cruda se tiene una medici\u00f3n m\u00e1s precisa de la cantidad real de carne que se va a consumir y de su valor nutricional. Esto permite un mejor control de la dieta y asegura que se est\u00e9 cumpliendo con las recomendaciones de consumo.<\/p>\n\n\n\n<h2 class=\"wp-block-heading\">C\u00e1lculo de carne por persona seg\u00fan el tipo de carne<\/h2>\n\n\n\n<p>En Argentina, el <strong>consumo de carne es una parte fundamental de la dieta<\/strong>, pero es importante conocer las porciones recomendadas para mantener una alimentaci\u00f3n equilibrada y saludable. Las porciones recomendadas siempre van a variar seg\u00fan el tipo de carne: ya sea de vaca, pollo, cerdo o pescado:<\/p>\n\n\n\n<ul class=\"wp-block-list\">\n<li>Una porci\u00f3n de carne de vaca sea de <strong>aproximadamente 100-150 gramos por comida<\/strong>.<\/li>\n\n\n\n<li>Una porci\u00f3n adecuada de carne de pollo suele ser <strong>de 80-100 gramos.<\/strong><\/li>\n\n\n\n<li>Se recomienda que una porci\u00f3n de carne de cerdo sea de<strong> unos 100-150 gramos<\/strong>.<\/li>\n<\/ul>\n\n\n\n<h3 class=\"wp-block-heading\">Carne de vacuno<\/h3>\n\n\n\n<p>La<strong> <a href=\"https:\/\/www.frigorificosada.com.ar\/carne-bovina\">carne bovina<\/a> <\/strong>es la m\u00e1s consumida en todo el territorio nacional argentino y, aunque es rica en prote\u00ednas y hierro, tambi\u00e9n puede contener altos niveles de grasas saturadas, lo que, a la larga, termina por afectar al organismo de las personas, sobre todo a quienes padezcan afecciones cr\u00f3nicas como colesterol.\u00a0<\/p>\n\n\n\n<p>Es recomendable que una porci\u00f3n de carne de vaca sea de <strong>aproximadamente 100-150 gramos por comida<\/strong>. Para evitar riesgos de salud, es aconsejable limitar su consumo a no m\u00e1s de un total de 500 gramos por semana.<\/p>\n\n\n\n<h3 class=\"wp-block-heading\">Carne de pollo<\/h3>\n\n\n\n<p>El <strong>pollo <\/strong>es una opci\u00f3n m\u00e1s magra en comparaci\u00f3n con la carne de vaca y tiene menos grasas saturadas. Una porci\u00f3n adecuada de carne de pollo suele ser <strong>de 80-100 gramos.<\/strong> Esta cantidad es suficiente para proporcionar los nutrientes necesarios sin excederse en calor\u00edas y grasas.<\/p>\n\n\n\n<h3 class=\"wp-block-heading\">Carne de cerdo<\/h3>\n\n\n\n<p>La <strong><a href=\"https:\/\/www.frigorificosada.com.ar\/carne-porcina\">carne de cerdo<\/a><\/strong> suele variar en contenido graso dependiendo del corte. Se recomienda que una porci\u00f3n de carne de cerdo sea de<strong> unos 100-150 gramos<\/strong>. Pero, al igual que lo que pasa con la carne de vaca, es importante seleccionar cortes magros y limitar el consumo total semanal para evitar problemas de salud relacionados con el exceso de grasas saturadas.<\/p>\n\n\n\n<h2 class=\"wp-block-heading\">Beneficios de consumir la porci\u00f3n adecuada de carne<\/h2>\n\n\n\n<p>Como bien te explicamos antes, es necesario que consumas una cantidad adecuada de carne para cubrir tus necesidades nutricionales b\u00e1sicas. Pero, adem\u00e1s, estos son los <strong>beneficios <\/strong>que vas a tener:&nbsp;<\/p>\n\n\n\n<h3 class=\"wp-block-heading\">Nutrici\u00f3n y prote\u00ednas<\/h3>\n\n\n\n<p>La carne es una <strong>fuente excelente de prote\u00ednas completas<\/strong>, que son esenciales para el crecimiento, mantenimiento y reparaci\u00f3n de los tejidos del cuerpo humano. Entonces, si consum\u00eds una porci\u00f3n de carne de aproximadamente 100 gramos, que aporta cerca de 20 gramos de prote\u00ednas de alta calidad, vas a cubrir los requerimientos diarios del organismo.&nbsp;<\/p>\n\n\n\n<p>Adem\u00e1s de prote\u00ednas, la carne tambi\u00e9n proporciona vitaminas del<strong> complejo B, hierro, zinc y creatina<\/strong>, que son importantes para diversas funciones corporales y el rendimiento f\u00edsico.<\/p>\n\n\n\n<h3 class=\"wp-block-heading\">Salud y bienestar<\/h3>\n\n\n\n<p>Ingerir porciones que sean adecuadas para tu dieta es importante para que tengas una <strong>alimentaci\u00f3n balanceada en relaci\u00f3n con tu bienestar general<\/strong>. El consumo moderado de carne ayuda a mantener niveles \u00f3ptimos de energ\u00eda y facilita el correcto funcionamiento del sistema inmunol\u00f3gico gracias a su contenido en <strong>hierro y zinc.&nbsp;<\/strong><\/p>\n\n\n\n<p>Ahora bien, es importante que puedas elegir cortes magros y adem\u00e1s limitar el consumo de carnes procesadas <strong>para evitar un exceso de grasas saturadas y colesterol.<\/strong><\/p>\n\n\n\n<figure class=\"wp-block-image size-large\"><img loading=\"lazy\" decoding=\"async\" width=\"1024\" height=\"683\" src=\"https:\/\/www.frigorificosada.com.ar\/blog\/wp-content\/uploads\/2024\/08\/porcion-de-carne-para-una-persona-1024x683.jpg\" alt=\"porcion de carne para una persona\" class=\"wp-image-659\" srcset=\"https:\/\/www.frigorificosada.com.ar\/blog\/wp-content\/uploads\/2024\/08\/porcion-de-carne-para-una-persona-1024x683.jpg 1024w, https:\/\/www.frigorificosada.com.ar\/blog\/wp-content\/uploads\/2024\/08\/porcion-de-carne-para-una-persona-300x200.jpg 300w, https:\/\/www.frigorificosada.com.ar\/blog\/wp-content\/uploads\/2024\/08\/porcion-de-carne-para-una-persona-768x512.jpg 768w, https:\/\/www.frigorificosada.com.ar\/blog\/wp-content\/uploads\/2024\/08\/porcion-de-carne-para-una-persona.jpg 1500w\" sizes=\"auto, (max-width: 1024px) 100vw, 1024px\" \/><\/figure>\n\n\n\n<h2 class=\"wp-block-heading\">Consejos pr\u00e1cticos para ajustar las porciones de carne<\/h2>\n\n\n\n<p>Si est\u00e1s necesitando algunos <strong>consejos o tips<\/strong> para ajustar las porciones de carne a tus necesidades alimenticias, no te preocupes, es justo lo que traemos para vos:&nbsp;<\/p>\n\n\n\n<ul class=\"wp-block-list\">\n<li><strong>Plan semanal<\/strong>: es bueno que puedas dise\u00f1ar un men\u00fa semanal que incluya 2-3 porciones de carne magra, como cortes de nalga, cuadril o pechuga de pollo, alternando con otras fuentes de prote\u00ednas como legumbres, pescado y huevos. Esto no solo va a diversificar tu dieta, sino que tambi\u00e9n ayuda a equilibrar el presupuesto familiar.<\/li>\n<\/ul>\n\n\n\n<ul class=\"wp-block-list\">\n<li><strong>Compras inteligentes<\/strong>: <strong><a href=\"https:\/\/www.frigorificosada.com.ar\/blog\/beneficios-de-comprar-carne-al-por-mayor\/\">comprar carne al por mayor<\/a><\/strong> en mercados locales o en carnicer\u00edas de confianza y congelarla en porciones individuales facilita su uso y ayuda a mantener un control sobre las cantidades consumidas. Eso s\u00ed, te recomendamos dividir la carne en porciones antes de congelarla, usando bolsas herm\u00e9ticas que est\u00e9n etiquetadas con la fecha de compra para asegurarte de consumirla en su mejor momento.<\/li>\n<\/ul>\n\n\n\n<ul class=\"wp-block-list\">\n<li><strong>Cocci\u00f3n saludable<\/strong>: los mejores m\u00e9todos de cocci\u00f3n son el asado, hervido o al vapor, en lugar de las frituras, siendo esto necesario para reducir la ingesta de grasas adicionales. En Argentina, es com\u00fan hacer <a href=\"https:\/\/www.frigorificosada.com.ar\/blog\/como-hacer-un-buen-asado-argentino-a-la-parrilla\/\">asado<\/a>, que puede ser saludable si se eligen cortes magros y se acompa\u00f1a de verduras asadas. Tambi\u00e9n es importante retirar la grasa visible antes de cocinar, aunque mucha gente prefiere dejarla por cuestiones de sabor.&nbsp;<\/li>\n<\/ul>\n\n\n\n<ul class=\"wp-block-list\">\n<li><strong>Diversificaci\u00f3n<\/strong>: es necesario que puedas incluir una variedad de tipos de carne (res, pollo, cerdo) para asegurar una amplia gama de nutrientes. Cada tipo de carne tiene su propio perfil de nutrientes: por ejemplo, el pollo es bajo en grasas, el cerdo aporta vitamina B1, y la <a href=\"https:\/\/www.frigorificosada.com.ar\/media-res-vacuna\">carne de res<\/a> es rica en hierro. Alternar entre estos tipos de carne no solo beneficia la salud, sino que tambi\u00e9n mantiene las comidas interesantes y variadas.<\/li>\n<\/ul>\n\n\n\n<ul class=\"wp-block-list\">\n<li><strong>Porciones controladas:<\/strong> otro factor que es clave consiste en moderar el tama\u00f1o de las porciones. Una porci\u00f3n adecuada de carne tiene que ser, aproximadamente, del tama\u00f1o de la palma de tu mano. Esto te va a ayudar a limitarte y evitar excesos, lo que contribuye a una dieta balanceada.<\/li>\n<\/ul>\n\n\n\n<p>Implementando estos consejos es que es m\u00e1s f\u00e1cil tener una dieta equilibrada y saludable, aprovechando todos los beneficios nutricionales que la carne tiene para ofrecerte. Acordate de que la moderaci\u00f3n y la variedad son fundamentales para una alimentaci\u00f3n sana y sostenible.<\/p>\n\n\n\n<h2 class=\"wp-block-heading\">Errores comunes al medir las porciones de carne y c\u00f3mo evitarlos<\/h2>\n\n\n\n<p>Medir las porciones de carne es fundamental para que puedas mantener una dieta equilibrada y saludable. No obstante, no es algo f\u00e1cil de hacer para alguien que no tiene experiencia y<strong> es com\u00fan cometer errores en el proceso<\/strong>. A continuaci\u00f3n, te vamos a compartir algunos de los errores m\u00e1s frecuentes y c\u00f3mo evitarlos:&nbsp;<\/p>\n\n\n\n<h3 class=\"wp-block-heading\">No usar medidas precisas<\/h3>\n\n\n\n<p>Muchas personas tienden a adivinar las porciones de carne, lo que puede resultar en consumir m\u00e1s de lo recomendado.&nbsp;<\/p>\n\n\n\n<p>Ahora, \u00bfC\u00f3mo podemos solucionar esto? \u00a1F\u00e1cil! Es fundamental que sepas<strong> usar herramientas de medici\u00f3n<\/strong>, como una<strong> balanza de cocina<\/strong> para pesar las porciones de carne. Una porci\u00f3n adecuada de carne generalmente es de 100-150 gramos, aproximadamente del tama\u00f1o de la palma de tu mano o una baraja de cartas.<\/p>\n\n\n\n<h3 class=\"wp-block-heading\">Ignorar el contenido graso<\/h3>\n\n\n\n<p>Consumir cortes de carne con alto contenido de grasa sin tener en cuenta su impacto en la salud. La soluci\u00f3n para esto es que puedas <strong>elegir <a href=\"https:\/\/www.frigorificosada.com.ar\/blog\/carne-magra-de-cerdo-sus-beneficios-dietarios-y-7-cortes-mas-populares-en-argentina\/\">cortes magros<\/a> como la nalga, cuadril o lomo<\/strong>. Despu\u00e9s, hay que retirar la grasa que es visible antes de cocinar puede reducir significativamente la ingesta de grasas saturadas.<\/p>\n\n\n\n<h3 class=\"wp-block-heading\">Confundir porciones cocidas y crudas<\/h3>\n\n\n\n<p>No tener en cuenta que la carne suele reducir su tama\u00f1o al cocinarse, lo que puede modificar el c\u00e1lculo inicial que se hizo antes de empezar a cocinar. Para esto, lo que pod\u00e9s hacer es <strong>pesar la carne y calcular que, una vez cocinada, va a perder hasta un 25% de su peso durante la cocci\u00f3n.<\/strong><\/p>\n\n\n\n<h3 class=\"wp-block-heading\">Omitir la planificaci\u00f3n de las comidas<\/h3>\n\n\n\n<p>Que no hayas planificado las comidas puede llevar a que termines comiendo porciones m\u00e1s grandes o menos saludables de lo que deber\u00edas. Para que puedas solucionar esto, te ten\u00e9s que mentalizar y<strong> dise\u00f1ar un plan de comidas semanal<\/strong> que incluya porciones adecuadas de carne magra y otras fuentes de prote\u00ednas como legumbres, pescado y huevos.<\/p>\n\n\n\n<h3 class=\"wp-block-heading\">No variar los tipos de carne<\/h3>\n\n\n\n<p>Otro error muy com\u00fan que tienen las personas es que suelen consumir siempre el mismo tipo de carne puede limitar la variedad de nutrientes. En este caso, la soluci\u00f3n es simple, hay que <strong>variar de carnes en la dieta<\/strong>, como carne de <strong>vacuno, pollo y cerdo<\/strong>, para asegurar una ingesta balanceada de estos nutrientes.<\/p>\n\n\n\n<h2 class=\"wp-block-heading\">\u00bfQuer\u00e9s carne de calidad? \u00a1En Frigor\u00edfico SADA podemos ayudarte!&nbsp;<\/h2>\n\n\n\n<p>En conclusi\u00f3n a todo lo que pudimos ver a lo largo y ancho de este interesante art\u00edculo, podemos confirmar que medir las <strong>porciones de carne<\/strong> de forma adecuada es clave para una alimentaci\u00f3n saludable. Record\u00e1 usar herramientas espec\u00edficas para esto, como una balanza de cocina para pesar la carne cruda y planificar tus comidas semanalmente con variedad de <strong>cortes magros.<\/strong>&nbsp;<\/p>\n\n\n\n<p>Si est\u00e1s buscando carne de calidad para que puedas empezar a cuidar tu salud, te contamos que no vas a encontrar un mejor lugar que <a href=\"https:\/\/www.frigorificosada.com.ar\"><strong>Frigor\u00edfico SADA<\/strong><\/a>. Somos un frigor\u00edfico mayorista, y contamos con la mejor calidad de carne, llevando pedidos a restaurantes, servicios de catering, consumidores finales y otras carnicer\u00edas de barrio. Nuestra central se encuentra a 100 kil\u00f3metros de la ciudad de Buenos Aires, en<strong> San Antonio de Areco (Guiraldes 671).<\/strong><\/p>\n\n\n\n<p>Vas a poder encontrarnos en dos ubicaciones o <a href=\"https:\/\/www.frigorificosada.com.ar\/sucursales\">sucursales<\/a>, una en<strong> San Miguel<\/strong> y la otra en <strong>Pilar<\/strong>. Nos pod\u00e9s ubicar v\u00eda <strong><a href=\"https:\/\/api.whatsapp.com\/send\/?phone=541126999598\"><\/a><strong><strong><a href=\"https:\/\/api.whatsapp.com\/send\/?phone=5492326464720\">WhatsApp al 2326 464720<\/a><\/strong><\/strong> o por tel\u00e9fono al (2326) 456-479.<\/strong> \u00bfQu\u00e9 est\u00e1s esperando para pedir la mejor carne del pa\u00eds?\u00a0<br>Implementando estos consejos que te compartimos, vas a poder disfrutar de una dieta m\u00e1s equilibrada y rica, cuidando tu salud <strong>\u00bfYa aplicaste estos consejos en tu rutina? <\/strong>\u00a1Compart\u00ed tus experiencias o consultas en los comentarios!<\/p>\n\n\n\n<p><\/p>\n\n\n\n<div class=\"wp-block-columns alignwide cta-blog has-base-color has-primary-background-color has-text-color has-background has-link-color has-large-font-size wp-elements-e5b4e86d10220e991b7cb255d264b034 is-layout-flex wp-container-core-columns-is-layout-db27d905 wp-block-columns-is-layout-flex\" style=\"border-style:none;border-width:0px;border-radius:30px;margin-top:0;margin-bottom:0;padding-top:0;padding-right:0;padding-bottom:0;padding-left:0\">\n<div class=\"wp-block-column is-layout-flow wp-block-column-is-layout-flow\" style=\"padding-top:var(--wp--preset--spacing--30);padding-bottom:var(--wp--preset--spacing--30)\">\n<p class=\"has-text-align-center cta-text has-base-color has-text-color has-link-color has-large-font-size wp-elements-fcbf2fd70ccc738d7c2b8b0cb9500e45\" style=\"margin-top:0px;margin-right:0px;margin-bottom:0px;margin-left:0px;line-height:1.2\">\u00a1Consegu\u00ed carne vacuna, porcina y menudencias de m\u00e1xima calidad!<\/p>\n<\/div>\n\n\n\n<div class=\"wp-block-column is-layout-flow wp-block-column-is-layout-flow\" style=\"padding-top:var(--wp--preset--spacing--30);padding-bottom:var(--wp--preset--spacing--30)\">\n<div class=\"wp-block-buttons is-content-justification-center is-layout-flex wp-container-core-buttons-is-layout-a89b3969 wp-block-buttons-is-layout-flex\">\n<div class=\"wp-block-button has-custom-width wp-block-button__width-75 cta-button is-style-fill\"><a class=\"wp-block-button__link has-contrast-color has-base-background-color has-text-color has-background has-link-color has-small-font-size has-text-align-center has-custom-font-size wp-element-button\" href=\"https:\/\/www.frigorificosada.com.ar\/productos\" style=\"border-radius:20px;padding-right:0;padding-left:0\"> Conoc\u00e9 nuestros productos<\/a><\/div>\n<\/div>\n<\/div>\n<\/div>\n\n\n\n<p><\/p>\n","protected":false},"excerpt":{"rendered":"<p>Antes de empezar a comer, es importante que las personas conozcan bien c\u00f3mo balancear su dieta y elegir correctamente la cantidad de carne que van a ingerir. Que puedas medir con certeza la porci\u00f3n de carne por persona va a ayudarte a evitar un consumo excesivo de calor\u00edas y grasas saturadas, reduciendo el riesgo de [&hellip;]<\/p>\n","protected":false},"author":1,"featured_media":660,"comment_status":"open","ping_status":"open","sticky":false,"template":"","format":"standard","meta":{"footnotes":""},"categories":[14,22],"tags":[23,16,25],"class_list":["post-460","post","type-post","status-publish","format-standard","has-post-thumbnail","hentry","category-carne-vacuna","category-consejos","tag-carne-porcina","tag-carne-vacuna","tag-consejos"],"yoast_head":"<!-- This site is optimized with the Yoast SEO plugin v24.9 - https:\/\/yoast.com\/wordpress\/plugins\/seo\/ -->\n<title>Porci\u00f3n de carne por persona: \u00bfCu\u00e1l es la cantidad adecuada?<\/title>\n<meta name=\"description\" content=\"En este art\u00edculo te vamos a contar cu\u00e1l es la porci\u00f3n adecuada de carne por persona en gramos y c\u00f3mo medirla para una dieta balanceada.\" \/>\n<meta name=\"robots\" content=\"index, follow, max-snippet:-1, max-image-preview:large, max-video-preview:-1\" \/>\n<link rel=\"canonical\" href=\"https:\/\/www.frigorificosada.com.ar\/blog\/porcion-de-carne-por-persona\/\" \/>\n<meta property=\"og:locale\" content=\"es_ES\" \/>\n<meta property=\"og:type\" content=\"article\" \/>\n<meta property=\"og:title\" content=\"Porci\u00f3n de carne por persona: \u00bfCu\u00e1l es la cantidad adecuada?\" \/>\n<meta property=\"og:description\" content=\"En este art\u00edculo te vamos a contar cu\u00e1l es la porci\u00f3n adecuada de carne por persona en gramos y c\u00f3mo medirla para una dieta balanceada.\" \/>\n<meta property=\"og:url\" content=\"https:\/\/www.frigorificosada.com.ar\/blog\/porcion-de-carne-por-persona\/\" \/>\n<meta property=\"og:site_name\" content=\"Blog Frigor\u00edfico SADA\" \/>\n<meta property=\"article:published_time\" content=\"2024-08-01T20:06:31+00:00\" \/>\n<meta property=\"article:modified_time\" content=\"2025-06-17T19:52:26+00:00\" \/>\n<meta property=\"og:image\" content=\"https:\/\/www.frigorificosada.com.ar\/blog\/wp-content\/uploads\/2024\/08\/porcion-de-carne-por-persona.jpg\" \/>\n\t<meta property=\"og:image:width\" content=\"1200\" \/>\n\t<meta property=\"og:image:height\" content=\"686\" \/>\n\t<meta property=\"og:image:type\" content=\"image\/jpeg\" \/>\n<meta name=\"author\" content=\"Frigorifico SADA\" \/>\n<meta name=\"twitter:card\" content=\"summary_large_image\" \/>\n<meta name=\"twitter:label1\" content=\"Escrito por\" \/>\n\t<meta name=\"twitter:data1\" content=\"Frigorifico SADA\" \/>\n\t<meta name=\"twitter:label2\" content=\"Tiempo de lectura\" \/>\n\t<meta name=\"twitter:data2\" content=\"10 minutos\" \/>\n<script type=\"application\/ld+json\" class=\"yoast-schema-graph\">{\"@context\":\"https:\/\/schema.org\",\"@graph\":[{\"@type\":\"WebPage\",\"@id\":\"https:\/\/www.frigorificosada.com.ar\/blog\/porcion-de-carne-por-persona\/\",\"url\":\"https:\/\/www.frigorificosada.com.ar\/blog\/porcion-de-carne-por-persona\/\",\"name\":\"Porci\u00f3n de carne por persona: \u00bfCu\u00e1l es la cantidad adecuada?\",\"isPartOf\":{\"@id\":\"https:\/\/www.frigorificosada.com.ar\/blog\/#website\"},\"primaryImageOfPage\":{\"@id\":\"https:\/\/www.frigorificosada.com.ar\/blog\/porcion-de-carne-por-persona\/#primaryimage\"},\"image\":{\"@id\":\"https:\/\/www.frigorificosada.com.ar\/blog\/porcion-de-carne-por-persona\/#primaryimage\"},\"thumbnailUrl\":\"https:\/\/www.frigorificosada.com.ar\/blog\/wp-content\/uploads\/2024\/08\/porcion-de-carne-por-persona.jpg\",\"datePublished\":\"2024-08-01T20:06:31+00:00\",\"dateModified\":\"2025-06-17T19:52:26+00:00\",\"author\":{\"@id\":\"https:\/\/www.frigorificosada.com.ar\/blog\/#\/schema\/person\/592d6ec3700a98a73085231129bcb8aa\"},\"description\":\"En este art\u00edculo te vamos a contar cu\u00e1l es la porci\u00f3n adecuada de carne por persona en gramos y c\u00f3mo medirla para una dieta balanceada.\",\"breadcrumb\":{\"@id\":\"https:\/\/www.frigorificosada.com.ar\/blog\/porcion-de-carne-por-persona\/#breadcrumb\"},\"inLanguage\":\"es-AR\",\"potentialAction\":[{\"@type\":\"ReadAction\",\"target\":[\"https:\/\/www.frigorificosada.com.ar\/blog\/porcion-de-carne-por-persona\/\"]}]},{\"@type\":\"ImageObject\",\"inLanguage\":\"es-AR\",\"@id\":\"https:\/\/www.frigorificosada.com.ar\/blog\/porcion-de-carne-por-persona\/#primaryimage\",\"url\":\"https:\/\/www.frigorificosada.com.ar\/blog\/wp-content\/uploads\/2024\/08\/porcion-de-carne-por-persona.jpg\",\"contentUrl\":\"https:\/\/www.frigorificosada.com.ar\/blog\/wp-content\/uploads\/2024\/08\/porcion-de-carne-por-persona.jpg\",\"width\":1200,\"height\":686,\"caption\":\"porcion de carne por persona\"},{\"@type\":\"BreadcrumbList\",\"@id\":\"https:\/\/www.frigorificosada.com.ar\/blog\/porcion-de-carne-por-persona\/#breadcrumb\",\"itemListElement\":[{\"@type\":\"ListItem\",\"position\":1,\"name\":\"Inicio\",\"item\":\"https:\/\/www.frigorificosada.com.ar\/blog\/\"},{\"@type\":\"ListItem\",\"position\":2,\"name\":\"\u00bfCu\u00e1l es la porci\u00f3n adecuada de carne por persona?\"}]},{\"@type\":\"WebSite\",\"@id\":\"https:\/\/www.frigorificosada.com.ar\/blog\/#website\",\"url\":\"https:\/\/www.frigorificosada.com.ar\/blog\/\",\"name\":\"Blog Frigor\u00edfico SADA\",\"description\":\"\",\"potentialAction\":[{\"@type\":\"SearchAction\",\"target\":{\"@type\":\"EntryPoint\",\"urlTemplate\":\"https:\/\/www.frigorificosada.com.ar\/blog\/?s={search_term_string}\"},\"query-input\":{\"@type\":\"PropertyValueSpecification\",\"valueRequired\":true,\"valueName\":\"search_term_string\"}}],\"inLanguage\":\"es-AR\"},{\"@type\":\"Person\",\"@id\":\"https:\/\/www.frigorificosada.com.ar\/blog\/#\/schema\/person\/592d6ec3700a98a73085231129bcb8aa\",\"name\":\"Frigorifico SADA\",\"image\":{\"@type\":\"ImageObject\",\"inLanguage\":\"es-AR\",\"@id\":\"https:\/\/www.frigorificosada.com.ar\/blog\/#\/schema\/person\/image\/\",\"url\":\"https:\/\/secure.gravatar.com\/avatar\/4728df3565db59c318d31518356a084c41daf02ae0f665ce2549db75fe59ae55?s=96&d=mm&r=g\",\"contentUrl\":\"https:\/\/secure.gravatar.com\/avatar\/4728df3565db59c318d31518356a084c41daf02ae0f665ce2549db75fe59ae55?s=96&d=mm&r=g\",\"caption\":\"Frigorifico SADA\"},\"sameAs\":[\"https:\/\/www.frigorificosada.com.ar\/blog\"],\"url\":\"https:\/\/www.frigorificosada.com.ar\/blog\/author\/mdmarketing\/\"}]}<\/script>\n<!-- \/ Yoast SEO plugin. -->","yoast_head_json":{"title":"Porci\u00f3n de carne por persona: \u00bfCu\u00e1l es la cantidad adecuada?","description":"En este art\u00edculo te vamos a contar cu\u00e1l es la porci\u00f3n adecuada de carne por persona en gramos y c\u00f3mo medirla para una dieta balanceada.","robots":{"index":"index","follow":"follow","max-snippet":"max-snippet:-1","max-image-preview":"max-image-preview:large","max-video-preview":"max-video-preview:-1"},"canonical":"https:\/\/www.frigorificosada.com.ar\/blog\/porcion-de-carne-por-persona\/","og_locale":"es_ES","og_type":"article","og_title":"Porci\u00f3n de carne por persona: \u00bfCu\u00e1l es la cantidad adecuada?","og_description":"En este art\u00edculo te vamos a contar cu\u00e1l es la porci\u00f3n adecuada de carne por persona en gramos y c\u00f3mo medirla para una dieta balanceada.","og_url":"https:\/\/www.frigorificosada.com.ar\/blog\/porcion-de-carne-por-persona\/","og_site_name":"Blog Frigor\u00edfico SADA","article_published_time":"2024-08-01T20:06:31+00:00","article_modified_time":"2025-06-17T19:52:26+00:00","og_image":[{"width":1200,"height":686,"url":"https:\/\/www.frigorificosada.com.ar\/blog\/wp-content\/uploads\/2024\/08\/porcion-de-carne-por-persona.jpg","type":"image\/jpeg"}],"author":"Frigorifico SADA","twitter_card":"summary_large_image","twitter_misc":{"Escrito por":"Frigorifico SADA","Tiempo de lectura":"10 minutos"},"schema":{"@context":"https:\/\/schema.org","@graph":[{"@type":"WebPage","@id":"https:\/\/www.frigorificosada.com.ar\/blog\/porcion-de-carne-por-persona\/","url":"https:\/\/www.frigorificosada.com.ar\/blog\/porcion-de-carne-por-persona\/","name":"Porci\u00f3n de carne por persona: \u00bfCu\u00e1l es la cantidad adecuada?","isPartOf":{"@id":"https:\/\/www.frigorificosada.com.ar\/blog\/#website"},"primaryImageOfPage":{"@id":"https:\/\/www.frigorificosada.com.ar\/blog\/porcion-de-carne-por-persona\/#primaryimage"},"image":{"@id":"https:\/\/www.frigorificosada.com.ar\/blog\/porcion-de-carne-por-persona\/#primaryimage"},"thumbnailUrl":"https:\/\/www.frigorificosada.com.ar\/blog\/wp-content\/uploads\/2024\/08\/porcion-de-carne-por-persona.jpg","datePublished":"2024-08-01T20:06:31+00:00","dateModified":"2025-06-17T19:52:26+00:00","author":{"@id":"https:\/\/www.frigorificosada.com.ar\/blog\/#\/schema\/person\/592d6ec3700a98a73085231129bcb8aa"},"description":"En este art\u00edculo te vamos a contar cu\u00e1l es la porci\u00f3n adecuada de carne por persona en gramos y c\u00f3mo medirla para una dieta balanceada.","breadcrumb":{"@id":"https:\/\/www.frigorificosada.com.ar\/blog\/porcion-de-carne-por-persona\/#breadcrumb"},"inLanguage":"es-AR","potentialAction":[{"@type":"ReadAction","target":["https:\/\/www.frigorificosada.com.ar\/blog\/porcion-de-carne-por-persona\/"]}]},{"@type":"ImageObject","inLanguage":"es-AR","@id":"https:\/\/www.frigorificosada.com.ar\/blog\/porcion-de-carne-por-persona\/#primaryimage","url":"https:\/\/www.frigorificosada.com.ar\/blog\/wp-content\/uploads\/2024\/08\/porcion-de-carne-por-persona.jpg","contentUrl":"https:\/\/www.frigorificosada.com.ar\/blog\/wp-content\/uploads\/2024\/08\/porcion-de-carne-por-persona.jpg","width":1200,"height":686,"caption":"porcion de carne por persona"},{"@type":"BreadcrumbList","@id":"https:\/\/www.frigorificosada.com.ar\/blog\/porcion-de-carne-por-persona\/#breadcrumb","itemListElement":[{"@type":"ListItem","position":1,"name":"Inicio","item":"https:\/\/www.frigorificosada.com.ar\/blog\/"},{"@type":"ListItem","position":2,"name":"\u00bfCu\u00e1l es la porci\u00f3n adecuada de carne por persona?"}]},{"@type":"WebSite","@id":"https:\/\/www.frigorificosada.com.ar\/blog\/#website","url":"https:\/\/www.frigorificosada.com.ar\/blog\/","name":"Blog Frigor\u00edfico SADA","description":"","potentialAction":[{"@type":"SearchAction","target":{"@type":"EntryPoint","urlTemplate":"https:\/\/www.frigorificosada.com.ar\/blog\/?s={search_term_string}"},"query-input":{"@type":"PropertyValueSpecification","valueRequired":true,"valueName":"search_term_string"}}],"inLanguage":"es-AR"},{"@type":"Person","@id":"https:\/\/www.frigorificosada.com.ar\/blog\/#\/schema\/person\/592d6ec3700a98a73085231129bcb8aa","name":"Frigorifico SADA","image":{"@type":"ImageObject","inLanguage":"es-AR","@id":"https:\/\/www.frigorificosada.com.ar\/blog\/#\/schema\/person\/image\/","url":"https:\/\/secure.gravatar.com\/avatar\/4728df3565db59c318d31518356a084c41daf02ae0f665ce2549db75fe59ae55?s=96&d=mm&r=g","contentUrl":"https:\/\/secure.gravatar.com\/avatar\/4728df3565db59c318d31518356a084c41daf02ae0f665ce2549db75fe59ae55?s=96&d=mm&r=g","caption":"Frigorifico SADA"},"sameAs":["https:\/\/www.frigorificosada.com.ar\/blog"],"url":"https:\/\/www.frigorificosada.com.ar\/blog\/author\/mdmarketing\/"}]}},"_links":{"self":[{"href":"https:\/\/www.frigorificosada.com.ar\/blog\/wp-json\/wp\/v2\/posts\/460","targetHints":{"allow":["GET"]}}],"collection":[{"href":"https:\/\/www.frigorificosada.com.ar\/blog\/wp-json\/wp\/v2\/posts"}],"about":[{"href":"https:\/\/www.frigorificosada.com.ar\/blog\/wp-json\/wp\/v2\/types\/post"}],"author":[{"embeddable":true,"href":"https:\/\/www.frigorificosada.com.ar\/blog\/wp-json\/wp\/v2\/users\/1"}],"replies":[{"embeddable":true,"href":"https:\/\/www.frigorificosada.com.ar\/blog\/wp-json\/wp\/v2\/comments?post=460"}],"version-history":[{"count":9,"href":"https:\/\/www.frigorificosada.com.ar\/blog\/wp-json\/wp\/v2\/posts\/460\/revisions"}],"predecessor-version":[{"id":772,"href":"https:\/\/www.frigorificosada.com.ar\/blog\/wp-json\/wp\/v2\/posts\/460\/revisions\/772"}],"wp:featuredmedia":[{"embeddable":true,"href":"https:\/\/www.frigorificosada.com.ar\/blog\/wp-json\/wp\/v2\/media\/660"}],"wp:attachment":[{"href":"https:\/\/www.frigorificosada.com.ar\/blog\/wp-json\/wp\/v2\/media?parent=460"}],"wp:term":[{"taxonomy":"category","embeddable":true,"href":"https:\/\/www.frigorificosada.com.ar\/blog\/wp-json\/wp\/v2\/categories?post=460"},{"taxonomy":"post_tag","embeddable":true,"href":"https:\/\/www.frigorificosada.com.ar\/blog\/wp-json\/wp\/v2\/tags?post=460"}],"curies":[{"name":"wp","href":"https:\/\/api.w.org\/{rel}","templated":true}]}}