{"id":482,"date":"2024-09-17T10:27:35","date_gmt":"2024-09-17T13:27:35","guid":{"rendered":"https:\/\/www.frigorificosada.com.ar\/blog\/?p=482"},"modified":"2026-04-21T15:52:09","modified_gmt":"2026-04-21T18:52:09","slug":"cortes-de-carne-vacuna","status":"publish","type":"post","link":"https:\/\/www.frigorificosada.com.ar\/blog\/cortes-de-carne-vacuna\/","title":{"rendered":"Cortes de carne vacuna: Gu\u00eda completa para conocer y elegir el mejor"},"content":{"rendered":"\n<p>Conocer los diferentes<strong> cortes de carne vacuna<\/strong> es fundamental tanto para los consumidores como para los profesionales del sector c\u00e1rnico, ya que influye directamente en la<strong> calidad y el sabor de las preparaciones culinarias<\/strong>. En Argentina, la carne es mucho m\u00e1s que un alimento: es una parte esencial de la cultura.&nbsp;<\/p>\n\n\n\n<p>Cada <a href=\"https:\/\/www.frigorificosada.com.ar\/carne-bovina\">corte de carne de vacuno<\/a> tiene caracter\u00edsticas \u00fanicas que se prestan a distintas t\u00e9cnicas de cocci\u00f3n, desde la preparaci\u00f3n de los cl\u00e1sicos asados hasta guisos, o desde el tierno lomo hasta el <strong><a href=\"https:\/\/www.frigorificosada.com.ar\/blog\/corte-de-carne-vacio-25jlev\/\">vac\u00edo de vaca<\/a><\/strong>. En esta aventura, vamos a explorar la<strong> variedad de cortes<\/strong> que hay para que puedas aprovechar al m\u00e1ximo cada pieza y estilo de preparaci\u00f3n. \u00bfEst\u00e1s listo? \u00a1Empecemos!&nbsp;<\/p>\n\n\n\n<p>\ud83d\udc49 <em>Le\u00e9 nuestro \u00faltimo art\u00edculo y conoc\u00e9 cu\u00e1l es la mejor <strong><a href=\"https:\/\/www.frigorificosada.com.ar\/blog\/carne-para-locro-26ablt\/\">carne para locro<\/a><\/strong> y qu\u00e9 cortes usar para un sabor aut\u00e9ntico<\/em><\/p>\n\n\n\n<h2 class=\"wp-block-heading\">\u00bfCu\u00e1les son los principales tipos de cortes de carne vacuna?<\/h2>\n\n\n\n<p>La <a href=\"https:\/\/www.frigorificosada.com.ar\/carne-bovina\">carne vacuna<\/a>, o tambi\u00e9n llamada por muchos como carne de vaca, es una parte esencial de la cultura argentina, especialmente cuando se trata del <a href=\"https:\/\/www.frigorificosada.com.ar\/blog\/guia-para-calcular-un-asado\/\">asado<\/a>. Cada corte tiene su lugar especial y entender de d\u00f3nde provienen ayuda a disfrutar a\u00fan m\u00e1s su sabor.&nbsp;<\/p>\n\n\n\n<p>La vaca se divide principalmente en<strong>dos grandes zonas: <a href=\"https:\/\/www.frigorificosada.com.ar\/blog\/cuarto-delantero-y-cuarto-trasero-25mzev\/\">el cuarto delantero y el cuarto trasero<\/a><\/strong>, que contienen los cortes m\u00e1s conocidos que se hacen en las parrillas. Ac\u00e1 te vamos a contar de manera sencilla de d\u00f3nde sale cada uno. \u00a1<strong>Comencemos<\/strong>!&nbsp;<\/p>\n\n\n\n<h3 class=\"wp-block-heading\">Cortes del cuarto delantero<\/h3>\n\n\n\n<p>El<strong> cuarto delantero<\/strong> abarca desde el<strong> cuello hasta la parte media del lomo de la ternera<\/strong>. Los cortes de esta zona suelen ser <strong>m\u00e1s accesibles econ\u00f3micamente hablando<\/strong>, pero no por eso dejan de ser exquisitos si se preparan bien. Muchos de estos se usan para guisos, estofados o parrillas lentas, ac\u00e1 van los m\u00e1s conocidos:&nbsp;<\/p>\n\n\n\n<ol class=\"wp-block-list\">\n<li><strong>Aguja<\/strong>: proviene del cuello, es un <strong><a href=\"https:\/\/www.frigorificosada.com.ar\/blog\/cortes-de-carne-baratos-25jnev\/\">corte de carne econ\u00f3mico<\/a><\/strong>, jugoso y lleno de sabor. Ideal para hacer un buen guiso.<\/li>\n<\/ol>\n\n\n\n<ol start=\"2\" class=\"wp-block-list\">\n<li><strong>Paleta<\/strong>: este corte se saca del hombro, es tierno y muy com\u00fan para <strong><a href=\"https:\/\/www.frigorificosada.com.ar\/blog\/carne-para-milanesas-26enev\/\">hacer milanesas<\/a><\/strong>, carne al horno o estofados.<\/li>\n<\/ol>\n\n\n\n<ol start=\"3\" class=\"wp-block-list\">\n<li><strong>Marucha<\/strong>: es fibroso y con mucho sabor, lo que lo vuelve un corte ideal para tirar a la parrilla o hacer en guiso.<\/li>\n<\/ol>\n\n\n\n<ol start=\"4\" class=\"wp-block-list\">\n<li><strong>Asado de tira<\/strong>: es un cl\u00e1sico de cualquier asado argentino. Viene de las costillas y es perfecto para la parrilla gracias a su mezcla de carne, grasa y hueso que le da un sabor \u00fanico.<\/li>\n<\/ol>\n\n\n\n<ol start=\"5\" class=\"wp-block-list\">\n<li><strong>Matambre<\/strong>: este corte fino que cubre las costillas puede cocinarse a la parrilla, al horno o incluso a la pizza, como el famoso matambre a la pizza que tanto amamos los argentinos (no todos, pero s\u00ed una gran mayor\u00eda).&nbsp;<\/li>\n<\/ol>\n\n\n\n<h3 class=\"wp-block-heading\">Cortes del cuarto trasero<\/h3>\n\n\n\n<p>El<strong> cuarto trasero<\/strong> es donde se pueden ver los cortes m\u00e1s tiernos y, por lo general, m\u00e1s <strong>caros<\/strong>. Estos son los cortes favoritos para tirar a la parrilla cuando busc\u00e1s un asado r\u00e1pido:<\/p>\n\n\n\n<ol class=\"wp-block-list\">\n<li><strong>Lomo<\/strong>: sin dudas, el rey de la terneza. Sale de la parte baja de la columna y es perfecto para hacer a la parrilla o al horno.&nbsp;<\/li>\n<\/ol>\n\n\n\n<ol start=\"2\" class=\"wp-block-list\">\n<li><a href=\"https:\/\/www.frigorificosada.com.ar\/blog\/que-corte-es-el-bife-de-chorizo-por-que-se-llama-asi-y-como-se-cocina\/\"><strong>Bife de chorizo<\/strong><\/a>: este corte es un \u00edcono argentino. Se saca de la costilla y es famoso por su jugosidad y la capa de grasa que lo cubre, lo que le da ese sabor inconfundible.<\/li>\n<\/ol>\n\n\n\n<ol start=\"3\" class=\"wp-block-list\">\n<li><a href=\"https:\/\/www.frigorificosada.com.ar\/blog\/colita-de-cuadril-25spev\/\"><strong>Colita de cuadril<\/strong><\/a>: es muy vers\u00e1til, se usa tanto para parrilla como para cocinar al horno. Es uno de los cortes m\u00e1s pedidos en las <a href=\"https:\/\/www.frigorificosada.com.ar\/sucursales\">carnicer\u00edas argentinas<\/a>.<\/li>\n<\/ol>\n\n\n\n<ol start=\"4\" class=\"wp-block-list\">\n<li><strong>Peceto<\/strong>: un corte magro que se puede encontrar en la pierna del animal. Ideal para milanesas o para hacer el t\u00edpico peceto al escabeche.<\/li>\n<\/ol>\n\n\n\n<ol start=\"5\" class=\"wp-block-list\">\n<li><strong>Cuadril<\/strong>: este sale de la parte trasera y es tierno y sabroso. Es un corte cl\u00e1sico para hacer a la parrilla o al horno.<\/li>\n<\/ol>\n\n\n\n<h2 class=\"wp-block-heading\">Principales cortes de carne vacuna y sus caracter\u00edsticas<\/h2>\n\n\n\n<p>En Argentina, el asado es mucho m\u00e1s que una comida: <strong>es una tradici\u00f3n<\/strong>. Conocer los cortes de carne m\u00e1s populares y saber c\u00f3mo cocinarlos es fundamental para poder disfrutar de un buen asado. A continuaci\u00f3n, te contamos sobre los cortes m\u00e1s elegidos por los argentinos, sus caracter\u00edsticas y los mejores usos culinarios para que cada vez que te toque prender la parrilla, la rompas.<\/p>\n\n\n\n<h3 class=\"wp-block-heading\">Bife de chorizo<\/h3>\n\n\n\n<p>El <strong>bife de chorizo<\/strong> es uno de los cortes estrella en las parrillas argentinas. Se encuentra en la parte externa del lomo del animal, justo en la costilla. Sin dudas, su caracter\u00edstica principal es la capa de grasa que lo recubre, lo que le da un sabor jugoso e intenso, si es que se prepara bien, claro est\u00e1.<\/p>\n\n\n\n<p>Es ideal para hacer a la parrilla o a la plancha. Un buen bife de chorizo se cocina jugoso o a punto para disfrutar de su m\u00e1ximo sabor.&nbsp;<\/p>\n\n\n\n<figure class=\"wp-block-image size-full\"><img loading=\"lazy\" decoding=\"async\" width=\"880\" height=\"587\" src=\"https:\/\/www.frigorificosada.com.ar\/blog\/wp-content\/uploads\/2024\/09\/image.png\" alt=\"Bife de Chorizo\" class=\"wp-image-636\" srcset=\"https:\/\/www.frigorificosada.com.ar\/blog\/wp-content\/uploads\/2024\/09\/image.png 880w, https:\/\/www.frigorificosada.com.ar\/blog\/wp-content\/uploads\/2024\/09\/image-300x200.png 300w, https:\/\/www.frigorificosada.com.ar\/blog\/wp-content\/uploads\/2024\/09\/image-768x512.png 768w\" sizes=\"auto, (max-width: 880px) 100vw, 880px\" \/><\/figure>\n\n\n\n<p><\/p>\n\n\n\n<h3 class=\"wp-block-heading\">Lomo<\/h3>\n\n\n\n<p>El <strong>lomo <\/strong>es el corte m\u00e1s tierno y magro que se puede encontrar en la vaca, se ubica en la parte baja de la columna. Se caracteriza por su suavidad y delicado sabor, lo que lo convierte en el favorito para platos m\u00e1s refinados. Se lo suele elegir para cocinar al horno, a la parrilla o a la plancha. Tambi\u00e9n es muy frecuentado en platos gourmet, como el lomo al champi\u00f1\u00f3n o simplemente vuelta y vuelta.<\/p>\n\n\n\n<figure class=\"wp-block-image size-full\"><img loading=\"lazy\" decoding=\"async\" width=\"820\" height=\"450\" src=\"https:\/\/www.frigorificosada.com.ar\/blog\/wp-content\/uploads\/2024\/09\/image-1.png\" alt=\"lomo\" class=\"wp-image-637\" srcset=\"https:\/\/www.frigorificosada.com.ar\/blog\/wp-content\/uploads\/2024\/09\/image-1.png 820w, https:\/\/www.frigorificosada.com.ar\/blog\/wp-content\/uploads\/2024\/09\/image-1-300x165.png 300w, https:\/\/www.frigorificosada.com.ar\/blog\/wp-content\/uploads\/2024\/09\/image-1-768x421.png 768w\" sizes=\"auto, (max-width: 820px) 100vw, 820px\" \/><\/figure>\n\n\n\n<p><\/p>\n\n\n\n<h3 class=\"wp-block-heading\">Entra\u00f1a<\/h3>\n\n\n\n<p>La <a href=\"https:\/\/www.frigorificosada.com.ar\/blog\/entrana-que-es-en-que-parte-de-la-vaca-se-encuentra-y-como-cocinarla\/\"><strong>entra\u00f1a<\/strong><\/a><strong> <\/strong>es un corte que se encuentra pegado a las costillas, cerca del diafragma del animal. Tiene una textura particular, algo fibrosa, pero llena de sabor gracias a la grasa que la recubre. Es un corte ideal para la parrilla, cocida vuelta y vuelta. No necesita mucho m\u00e1s que un poco de sal gruesa para disfrutar de todo su sabor.<\/p>\n\n\n\n<figure class=\"wp-block-image size-large\"><img loading=\"lazy\" decoding=\"async\" width=\"1024\" height=\"625\" src=\"https:\/\/www.frigorificosada.com.ar\/blog\/wp-content\/uploads\/2024\/09\/image-2-1024x625.png\" alt=\"corte de carne vacuna: Entra\u00f1a\" class=\"wp-image-638\" srcset=\"https:\/\/www.frigorificosada.com.ar\/blog\/wp-content\/uploads\/2024\/09\/image-2-1024x625.png 1024w, https:\/\/www.frigorificosada.com.ar\/blog\/wp-content\/uploads\/2024\/09\/image-2-300x183.png 300w, https:\/\/www.frigorificosada.com.ar\/blog\/wp-content\/uploads\/2024\/09\/image-2-768x469.png 768w, https:\/\/www.frigorificosada.com.ar\/blog\/wp-content\/uploads\/2024\/09\/image-2-1536x938.png 1536w, https:\/\/www.frigorificosada.com.ar\/blog\/wp-content\/uploads\/2024\/09\/image-2.png 1600w\" sizes=\"auto, (max-width: 1024px) 100vw, 1024px\" \/><\/figure>\n\n\n\n<h3 class=\"wp-block-heading\">Asado de tira<\/h3>\n\n\n\n<p>El <strong>asado de tira<\/strong> es el rey indiscutido de cualquier parrilla que se haga en Argentina. Este corte viene de las costillas y, como tiene hueso, el sabor se intensifica durante la cocci\u00f3n. Es un corte que se presta para asados largos y lentos, siendo perfecto para cocinar a la parrilla. Cuanto m\u00e1s lento sea el fuego, mejor, porque necesita tiempo para soltar todo su jugo y sabor.<\/p>\n\n\n\n<figure class=\"wp-block-image size-full\"><img loading=\"lazy\" decoding=\"async\" width=\"792\" height=\"532\" src=\"https:\/\/www.frigorificosada.com.ar\/blog\/wp-content\/uploads\/2024\/09\/image-3.png\" alt=\"Asado de tira\" class=\"wp-image-639\" srcset=\"https:\/\/www.frigorificosada.com.ar\/blog\/wp-content\/uploads\/2024\/09\/image-3.png 792w, https:\/\/www.frigorificosada.com.ar\/blog\/wp-content\/uploads\/2024\/09\/image-3-300x202.png 300w, https:\/\/www.frigorificosada.com.ar\/blog\/wp-content\/uploads\/2024\/09\/image-3-768x516.png 768w\" sizes=\"auto, (max-width: 792px) 100vw, 792px\" \/><\/figure>\n\n\n\n<p><\/p>\n\n\n\n<h3 class=\"wp-block-heading\">Vac\u00edo<\/h3>\n\n\n\n<p>El <strong>vac\u00edo <\/strong>es otro de los cortes m\u00e1s populares y recomendados para hacer el asado. Se ubica en la parte lateral baja de la <a href=\"https:\/\/www.frigorificosada.com.ar\/media-res-vacuna\">res<\/a>, justo entre las costillas y la pierna trasera. Es tierno, con una notoria capa de grasa externa que lo hace ideal para la parrilla. Al igual que el asado de tira, se cocina mejor a fuego lento para que quede jugoso y bien tierno.<\/p>\n\n\n\n<figure class=\"wp-block-image size-full\"><img loading=\"lazy\" decoding=\"async\" width=\"880\" height=\"587\" src=\"https:\/\/www.frigorificosada.com.ar\/blog\/wp-content\/uploads\/2024\/09\/image-4.png\" alt=\"Vac\u00edo\" class=\"wp-image-640\" srcset=\"https:\/\/www.frigorificosada.com.ar\/blog\/wp-content\/uploads\/2024\/09\/image-4.png 880w, https:\/\/www.frigorificosada.com.ar\/blog\/wp-content\/uploads\/2024\/09\/image-4-300x200.png 300w, https:\/\/www.frigorificosada.com.ar\/blog\/wp-content\/uploads\/2024\/09\/image-4-768x512.png 768w\" sizes=\"auto, (max-width: 880px) 100vw, 880px\" \/><\/figure>\n\n\n\n<p><\/p>\n\n\n\n<h2 class=\"wp-block-heading\">Cortes menos conocidos pero igualmente deliciosos<\/h2>\n\n\n\n<p>En el asado argentino siempre se destacan<strong> cortes muy conocidos y populares<\/strong> como el lomo, el vac\u00edo o el bife de chorizo. No obstante, hay <strong>otros cortes menos populares<\/strong> que, con una buena cocci\u00f3n, pueden sorprender por su sabor y calidad. Estos cortes son m\u00e1s econ\u00f3micos, pero sin duda se merecen un lugar en la parrilla, y te aseguramos que no te van a defraudar.<\/p>\n\n\n\n<h3 class=\"wp-block-heading\">Marucha<\/h3>\n\n\n\n<p>La <strong>marucha <\/strong>se encuentra en la parte delantera de la res, espec\u00edficamente en la zona del cuello y la paleta. Es un corte que a menudo pasa desapercibido por las personas que van a la <a href=\"https:\/\/www.frigorificosada.com.ar\/media-res-vacuna\">carnicer\u00eda<\/a>, pero que tiene mucho para ofrecer, destacando por su ternura y sabor jugoso.&nbsp;<\/p>\n\n\n\n<p>Tiene una cantidad moderada de grasa intramuscular, lo que le da un sabor intenso y una textura suave. Es ideal para asados a la parrilla, estofados y guisos. Su sabor se realza con marinados a base de hierbas y especias. Adem\u00e1s, es excelente para preparar bifes a la plancha, lo que la vuelve un manjar.&nbsp;<\/p>\n\n\n\n<figure class=\"wp-block-image size-full\"><img loading=\"lazy\" decoding=\"async\" width=\"636\" height=\"401\" src=\"https:\/\/www.frigorificosada.com.ar\/blog\/wp-content\/uploads\/2024\/09\/image-5.png\" alt=\"Marucha: corte econ\u00f3mico de carne vacuna\" class=\"wp-image-641\" srcset=\"https:\/\/www.frigorificosada.com.ar\/blog\/wp-content\/uploads\/2024\/09\/image-5.png 636w, https:\/\/www.frigorificosada.com.ar\/blog\/wp-content\/uploads\/2024\/09\/image-5-300x189.png 300w\" sizes=\"auto, (max-width: 636px) 100vw, 636px\" \/><\/figure>\n\n\n\n<p><\/p>\n\n\n\n<h3 class=\"wp-block-heading\">Tapa de cuadril<\/h3>\n\n\n\n<p>La<strong> tapa de cuadril<\/strong> es el &#8220;primo&#8221; del cuadril, pero mucho menos conocido. Este corte viene de la parte externa del cuadril, cerca de la cadera de la vaca. Tiene una textura firme, pero con una cocci\u00f3n adecuada puede ser una verdadera delicia.<\/p>\n\n\n\n<p>La tapa de cuadril es ideal para hacerla a la parrilla, al horno o incluso a la plancha. Se recomienda cocinarla a punto o jugosa para que no pierda ternura. \u00bfTe imagin\u00e1s una tapa de cuadril bien dorada, con esa capa de grasa crujiente, acompa\u00f1ada de un buen chimichurri? \u00a1Espectacular!<\/p>\n\n\n\n<figure class=\"wp-block-image size-full\"><img loading=\"lazy\" decoding=\"async\" width=\"654\" height=\"397\" src=\"https:\/\/www.frigorificosada.com.ar\/blog\/wp-content\/uploads\/2024\/09\/image-6.png\" alt=\"Tapa de cuadril\" class=\"wp-image-642\" srcset=\"https:\/\/www.frigorificosada.com.ar\/blog\/wp-content\/uploads\/2024\/09\/image-6.png 654w, https:\/\/www.frigorificosada.com.ar\/blog\/wp-content\/uploads\/2024\/09\/image-6-300x182.png 300w\" sizes=\"auto, (max-width: 654px) 100vw, 654px\" \/><\/figure>\n\n\n\n<p><\/p>\n\n\n\n<h3 class=\"wp-block-heading\">Matambre<\/h3>\n\n\n\n<p>Por \u00faltimo, pero no menos importante, est\u00e1 el <strong><a href=\"https:\/\/www.frigorificosada.com.ar\/blog\/matambre-de-vaca-25jlev\/\">matambre de vaca<\/a><\/strong>, que es uno de esos cortes que pueden cocinarse de muchas maneras, desde la parrilla hasta el horno. Se encuentra recubriendo las costillas del animal, por lo que es un corte delgado pero con mucho sabor. En Argentina, el matambre a la pizza es un cl\u00e1sico indiscutido, aunque tambi\u00e9n es muy com\u00fan prepararlo relleno, lo que lo vuelve un corte muy vers\u00e1til.&nbsp;<\/p>\n\n\n\n<p>Se presta tanto para hacer a la pizza como al horno, la parrilla, relleno o a la leche, necesitando una cocci\u00f3n lenta, lo que lo deja tierno y lleno de sabor.<\/p>\n\n\n\n<figure class=\"wp-block-image size-full\"><img loading=\"lazy\" decoding=\"async\" width=\"1024\" height=\"768\" src=\"https:\/\/www.frigorificosada.com.ar\/blog\/wp-content\/uploads\/2024\/09\/image-7.png\" alt=\"El Matambre es el corte de carne vacuna m\u00e1s conocido\" class=\"wp-image-643\" srcset=\"https:\/\/www.frigorificosada.com.ar\/blog\/wp-content\/uploads\/2024\/09\/image-7.png 1024w, https:\/\/www.frigorificosada.com.ar\/blog\/wp-content\/uploads\/2024\/09\/image-7-300x225.png 300w, https:\/\/www.frigorificosada.com.ar\/blog\/wp-content\/uploads\/2024\/09\/image-7-768x576.png 768w\" sizes=\"auto, (max-width: 1024px) 100vw, 1024px\" \/><\/figure>\n\n\n\n<p><\/p>\n\n\n\n<h2 class=\"wp-block-heading\">\u00bfC\u00f3mo elegir el corte adecuado seg\u00fan la preparaci\u00f3n?<\/h2>\n\n\n\n<p>Cuando hay que<strong> elegir entre los distintos tipos de cortes de carne vacuna<\/strong>, hay que <strong>considerar el tipo de preparaci\u00f3n<\/strong>. Por ejemplo, algunos cortes son ideales para la parrilla, otros para estofados y\/o guisos, mientras que otros m\u00e1s para los churrascos y bifes. A continuaci\u00f3n, te vamos a compartir una gu\u00eda r\u00e1pida y sencilla para que entiendas cu\u00e1l es el mejor corte en relaci\u00f3n con el plato que quieras preparar:&nbsp;<\/p>\n\n\n\n<figure class=\"wp-block-image size-full\"><img loading=\"lazy\" decoding=\"async\" width=\"720\" height=\"478\" src=\"https:\/\/www.frigorificosada.com.ar\/blog\/wp-content\/uploads\/2024\/09\/image-8.png\" alt=\"Tipos de corte de carne\" class=\"wp-image-644\" srcset=\"https:\/\/www.frigorificosada.com.ar\/blog\/wp-content\/uploads\/2024\/09\/image-8.png 720w, https:\/\/www.frigorificosada.com.ar\/blog\/wp-content\/uploads\/2024\/09\/image-8-300x199.png 300w\" sizes=\"auto, (max-width: 720px) 100vw, 720px\" \/><\/figure>\n\n\n\n<p><\/p>\n\n\n\n<h3 class=\"wp-block-heading\">Cortes ideales para la parrilla<\/h3>\n\n\n\n<p>La <strong>parrilla <\/strong>es sin\u00f3nimo de fuego lento y paciencia, por lo que, para lograr el asado perfecto, es clave elegir cortes que aguanten bien el calor directo y prolongado. Estos cortes, con un <strong>buen equilibrio entre carne y grasa<\/strong>, necesitan tiempo para que los sabores se desarrollen y se mantengan jugosos por dentro:&nbsp;<\/p>\n\n\n\n<ul class=\"wp-block-list\">\n<li>Asado de tira<\/li>\n\n\n\n<li>Vac\u00edo<\/li>\n\n\n\n<li>Bife de chorizo<\/li>\n\n\n\n<li>Entra\u00f1a<\/li>\n<\/ul>\n\n\n\n<p>La<strong> cocci\u00f3n lenta<\/strong> es fundamental que sea trabajada con un fuego moderado y darle tiempo a la carne. Esto asegura que los cortes se cocinen de manera uniforme, permitiendo que la grasa se derrita lentamente y potencie el sabor. Adem\u00e1s, para cortes gruesos como el bife de chorizo, es recomendable<strong> sellar cada lado<\/strong> a fuego fuerte al principio, y luego bajarle la intensidad para terminar la cocci\u00f3n.<\/p>\n\n\n\n<h3 class=\"wp-block-heading\">Mejores cortes para guisos y estofados<\/h3>\n\n\n\n<p>Cuando hablamos de <strong>guisos y estofados<\/strong>, el secreto est\u00e1 en lograr una cocci\u00f3n lenta y prolongada. Este tipo de preparaciones necesita cortes que tengan buen contenido de col\u00e1geno o tejido conectivo. A medida que se va cocinando, el col\u00e1geno se descompone y la carne se vuelve extremadamente tierna, impregn\u00e1ndose de los sabores de la salsa o caldo. Estos son algunos de los mejores cortes para estas preparaciones:&nbsp;<\/p>\n\n\n\n<ul class=\"wp-block-list\">\n<li>Paleta<\/li>\n\n\n\n<li>Osobuco<\/li>\n\n\n\n<li>Marucha<\/li>\n\n\n\n<li><strong><a href=\"https:\/\/www.frigorificosada.com.ar\/blog\/que-es-el-roast-beef-25jlev\/\">Roast beef<\/a><\/strong><\/li>\n<\/ul>\n\n\n\n<p><br>Las cocciones largas se caracterizan por ser a <strong>fuego bajo por varias horas<\/strong>, lo que ayuda a que los cortes se deshagan f\u00e1cilmente y se absorban bien los sabores. Esta metodolog\u00eda es ideal para platos invernales. Lo bueno de este tipo de platos y preparaciones, es que tienen una <strong>humedad constante<\/strong>, porque est\u00e1n casi l\u00edquidos, de modo que la carne no se seca.&nbsp;<\/p>\n\n\n\n<h3 class=\"wp-block-heading\">Cortes para bifes y churrascos<\/h3>\n\n\n\n<p>Si lo que busc\u00e1s es rapidez y simplicidad, la <strong>plancha o sart\u00e9n<\/strong> es la mejor opci\u00f3n. Los <strong>bifes y churrascos<\/strong> requieren cortes m\u00e1s magros y tiernos que se cocinen en pocos minutos. Ac\u00e1 la clave est\u00e1 en sellar bien la carne a alta temperatura, logrando que los jugos se concentren adentro, mientras la superficie se dora de forma uniforme. Algunos de los cortes m\u00e1s famosos para hacer esto son:&nbsp;<\/p>\n\n\n\n<ul class=\"wp-block-list\">\n<li>Lomo<\/li>\n\n\n\n<li>Bola de lomo<\/li>\n\n\n\n<li>Cuadril<\/li>\n\n\n\n<li>Tapa de cuadril<\/li>\n<\/ul>\n\n\n\n<p>Las principales caracter\u00edsticas de estas preparaciones son las <strong>altas temperaturas<\/strong> para lograr una cocci\u00f3n r\u00e1pida, de este modo, la carne queda bien jugosa por dentro y dorada por fuera. Con respecto al <a href=\"https:\/\/www.frigorificosada.com.ar\/blog\/punto-de-coccion-de-la-carne\/\">punto de cocci\u00f3n<\/a>, lo recomendable es <strong>no pasarse del punto justo<\/strong>, para que no se sequen de m\u00e1s.&nbsp;<\/p>\n\n\n\n<h2 class=\"wp-block-heading\">Consejos para comprar carne vacuna de calidad<\/h2>\n\n\n\n<p><strong>Elegir <\/strong><a href=\"https:\/\/www.frigorificosada.com.ar\/carne-bovina\"><strong>carne vacuna<\/strong><\/a><strong> de buena calidad es fundamental <\/strong>para lograr los mejores resultados en tus preparaciones. Si bien la experiencia y el paladar tambi\u00e9n cuentan, hay ciertos <strong>aspectos visuales y caracter\u00edsticas clave<\/strong> que pod\u00e9s tener en cuenta al momento de la compra. Ac\u00e1 te damos algunos consejos para que elijas los mejores cortes:&nbsp;<\/p>\n\n\n\n<ul class=\"wp-block-list\">\n<li><strong>Color<\/strong>: la carne vacuna de calidad debe tener un color rojo brillante. Si la not\u00e1s muy oscura, puede ser se\u00f1al de que est\u00e1 envejecida o no se almacen\u00f3 adecuadamente. Por otro lado, un color p\u00e1lido podr\u00eda indicar que le falta frescura.&nbsp;<\/li>\n<\/ul>\n\n\n\n<ul class=\"wp-block-list\">\n<li><strong>Textura<\/strong>: el corte tiene que tener una textura firme al tacto, pero no tan dura. Si est\u00e1 demasiado blanda o tiene un aspecto pegajoso, es mejor evitarla.<\/li>\n<\/ul>\n\n\n\n<ul class=\"wp-block-list\">\n<li><strong>Grasa<\/strong>: por \u00faltimo, pero nunca menos importante, est\u00e1 la grasa, otro elemento clave en la carne de buena calidad. Fijate que sea de color blanco o ligeramente amarillenta, distribuida de manera uniforme (esto se conoce como marmoleo). Un buen nivel de marmoleo asegura una carne jugosa y llena de sabor cuando se cocina.<\/li>\n<\/ul>\n\n\n\n<h3 class=\"wp-block-heading\">La importancia de la maduraci\u00f3n en los cortes de carne vacuna<\/h3>\n\n\n\n<p>La <strong>maduraci\u00f3n<\/strong> es un proceso que mejora notablemente la calidad de la carne, haci\u00e9ndola m\u00e1s tierna y concentrando su sabor. Hay <strong>dos tipos principales de maduraci\u00f3n<\/strong>:<\/p>\n\n\n\n<ul class=\"wp-block-list\">\n<li><strong>Maduraci\u00f3n en seco<\/strong>: se almacena la carne en condiciones controladas de temperatura y humedad durante semanas. Este proceso sirve para intensificar y expandir el sabor y ablanda la textura, pero suele ser m\u00e1s costoso.<\/li>\n<\/ul>\n\n\n\n<ul class=\"wp-block-list\">\n<li><strong>Maduraci\u00f3n al vac\u00edo<\/strong>: en este otro tipo de maduraci\u00f3n, la carne se envasa al vac\u00edo y se deja reposar durante un cierto tiempo. Este m\u00e9todo es m\u00e1s r\u00e1pido y com\u00fan, manteniendo el sabor natural de la carne y haciendo que sea m\u00e1s tierna con el tiempo.<\/li>\n<\/ul>\n\n\n\n<p>Si pod\u00e9s, opt\u00e1 por carne que haya pasado por un buen proceso de maduraci\u00f3n, ya que eso te asegura una experiencia culinaria superior.<\/p>\n\n\n\n<h2 class=\"wp-block-heading\">\u00bfEst\u00e1s buscando los mejores cortes de carne vacuna? \u00a1En Frigor\u00edfico SADA est\u00e1n al mejor precio!&nbsp;<\/h2>\n\n\n\n<p>Para concluir este interesante art\u00edculo, es necesario que puedas entender los distintos <strong>cortes de carne vacuna <\/strong>para que puedas sacar el mayor provecho de este valioso recurso. Cada corte tiene su propia textura, sabor y m\u00e9todo de cocci\u00f3n ideal, lo que ofrece infinitas posibilidades culinarias.&nbsp;<\/p>\n\n\n\n<p>Si busc\u00e1s cortes de carne de calidad y no encontr\u00e1s \u00a1dejanos decirte que ya llegaste a tu destino final! En <a href=\"https:\/\/www.frigorificosada.com.ar\">Frigor\u00edfico SADA<\/a>, vas a encontrarte con la mejor y mayor calidad de carne del pa\u00eds, ya que tambi\u00e9n vendemos <strong><a href=\"https:\/\/www.frigorificosada.com.ar\/blog\/beneficios-de-comprar-carne-al-por-mayor\/\">carne al por mayor<\/a><\/strong>, llevando pedidos a consumidores finales,&nbsp; restaurantes, servicios de catering y otras carnicer\u00edas de barrio.&nbsp;<\/p>\n\n\n\n<p>Nuestra sede central se ubica en San Antonio de Areco, a unos 100 kil\u00f3metros de la provincia de Buenos Aires, en <strong>Guiraldes 671. <\/strong>Tenemos dos <a href=\"https:\/\/www.frigorificosada.com.ar\/sucursales\">sucursales<\/a>, una en<strong> San Miguel<\/strong> y la otra en <strong>Pilar<\/strong>. Si te quer\u00e9s contactar, vas a poder hacerlo llamando al <strong>(2326) 456-479 o v\u00eda <a href=\"https:\/\/api.whatsapp.com\/send\/?phone=541126999598\"><\/a><strong><strong><a href=\"https:\/\/api.whatsapp.com\/send\/?phone=5492326464720\">WhatsApp al 2326 464720<\/a><\/strong><\/strong>.<\/strong><\/p>\n\n\n\n<p>\u00bfYa probaste alguna de estas preparaciones con alg\u00fan corte de los que aparecen en este art\u00edculo? \u00bfQu\u00e9 tal te fue? \u00a1Te esperamos para entregarte la mayor calidad en carne!<\/p>\n\n\n\n<p><\/p>\n\n\n\n<div class=\"wp-block-columns alignwide cta-blog has-base-color has-primary-background-color has-text-color has-background has-link-color has-large-font-size wp-elements-e5b4e86d10220e991b7cb255d264b034 is-layout-flex wp-container-core-columns-is-layout-db27d905 wp-block-columns-is-layout-flex\" style=\"border-style:none;border-width:0px;border-radius:30px;margin-top:0;margin-bottom:0;padding-top:0;padding-right:0;padding-bottom:0;padding-left:0\">\n<div class=\"wp-block-column is-layout-flow wp-block-column-is-layout-flow\" style=\"padding-top:var(--wp--preset--spacing--30);padding-bottom:var(--wp--preset--spacing--30)\">\n<p class=\"has-text-align-center cta-text has-base-color has-text-color has-link-color has-large-font-size wp-elements-fcbf2fd70ccc738d7c2b8b0cb9500e45\" style=\"margin-top:0px;margin-right:0px;margin-bottom:0px;margin-left:0px;line-height:1.2\">\u00a1Consegu\u00ed carne vacuna, porcina y menudencias de m\u00e1xima calidad!<\/p>\n<\/div>\n\n\n\n<div class=\"wp-block-column is-layout-flow wp-block-column-is-layout-flow\" style=\"padding-top:var(--wp--preset--spacing--30);padding-bottom:var(--wp--preset--spacing--30)\">\n<div class=\"wp-block-buttons is-content-justification-center is-layout-flex wp-container-core-buttons-is-layout-a89b3969 wp-block-buttons-is-layout-flex\">\n<div class=\"wp-block-button has-custom-width wp-block-button__width-75 cta-button is-style-fill\"><a class=\"wp-block-button__link has-contrast-color has-base-background-color has-text-color has-background has-link-color has-small-font-size has-text-align-center has-custom-font-size wp-element-button\" href=\"https:\/\/www.frigorificosada.com.ar\/productos\" style=\"border-radius:20px;padding-right:0;padding-left:0\"> Conoc\u00e9 nuestros productos<\/a><\/div>\n<\/div>\n<\/div>\n<\/div>\n","protected":false},"excerpt":{"rendered":"<p>Conocer los diferentes cortes de carne vacuna es fundamental tanto para los consumidores como para los profesionales del sector c\u00e1rnico, ya que influye directamente en la calidad y el sabor de las preparaciones culinarias. En Argentina, la carne es mucho m\u00e1s que un alimento: es una parte esencial de la cultura.&nbsp; Cada corte de carne [&hellip;]<\/p>\n","protected":false},"author":1,"featured_media":634,"comment_status":"open","ping_status":"open","sticky":false,"template":"","format":"standard","meta":{"footnotes":""},"categories":[20],"tags":[24,16,25,26],"class_list":["post-482","post","type-post","status-publish","format-standard","has-post-thumbnail","hentry","category-cortes-de-carne-vacuna","tag-carne-al-vacio","tag-carne-vacuna","tag-consejos","tag-productos-carnicos"],"yoast_head":"<!-- This site is optimized with the Yoast SEO plugin v24.9 - https:\/\/yoast.com\/wordpress\/plugins\/seo\/ -->\n<title>Cortes de carne vacuna: Gu\u00eda completa de los tipos y usos<\/title>\n<meta name=\"description\" content=\"Descubre los principales cortes de carne vacuna, su ubicaci\u00f3n y los mejores usos culinarios. Gu\u00eda esencial para amantes de la carne.\" \/>\n<meta name=\"robots\" content=\"index, follow, max-snippet:-1, max-image-preview:large, max-video-preview:-1\" \/>\n<link rel=\"canonical\" href=\"https:\/\/www.frigorificosada.com.ar\/blog\/cortes-de-carne-vacuna\/\" \/>\n<meta property=\"og:locale\" content=\"es_ES\" \/>\n<meta property=\"og:type\" content=\"article\" \/>\n<meta property=\"og:title\" content=\"Cortes de carne vacuna: Gu\u00eda completa de los tipos y usos\" \/>\n<meta property=\"og:description\" content=\"Descubre los principales cortes de carne vacuna, su ubicaci\u00f3n y los mejores usos culinarios. Gu\u00eda esencial para amantes de la carne.\" \/>\n<meta property=\"og:url\" content=\"https:\/\/www.frigorificosada.com.ar\/blog\/cortes-de-carne-vacuna\/\" \/>\n<meta property=\"og:site_name\" content=\"Blog Frigor\u00edfico SADA\" \/>\n<meta property=\"article:published_time\" content=\"2024-09-17T13:27:35+00:00\" \/>\n<meta property=\"article:modified_time\" content=\"2026-04-21T18:52:09+00:00\" \/>\n<meta property=\"og:image\" content=\"https:\/\/www.frigorificosada.com.ar\/blog\/wp-content\/uploads\/2024\/09\/cortes-de-carne-vacuna.jpg\" \/>\n\t<meta property=\"og:image:width\" content=\"1200\" \/>\n\t<meta property=\"og:image:height\" content=\"801\" \/>\n\t<meta property=\"og:image:type\" content=\"image\/jpeg\" \/>\n<meta name=\"author\" content=\"Frigorifico SADA\" \/>\n<meta name=\"twitter:card\" content=\"summary_large_image\" \/>\n<meta name=\"twitter:label1\" content=\"Escrito por\" \/>\n\t<meta name=\"twitter:data1\" content=\"Frigorifico SADA\" \/>\n\t<meta name=\"twitter:label2\" content=\"Tiempo de lectura\" \/>\n\t<meta name=\"twitter:data2\" content=\"14 minutos\" \/>\n<script type=\"application\/ld+json\" class=\"yoast-schema-graph\">{\"@context\":\"https:\/\/schema.org\",\"@graph\":[{\"@type\":\"WebPage\",\"@id\":\"https:\/\/www.frigorificosada.com.ar\/blog\/cortes-de-carne-vacuna\/\",\"url\":\"https:\/\/www.frigorificosada.com.ar\/blog\/cortes-de-carne-vacuna\/\",\"name\":\"Cortes de carne vacuna: Gu\u00eda completa de los tipos y usos\",\"isPartOf\":{\"@id\":\"https:\/\/www.frigorificosada.com.ar\/blog\/#website\"},\"primaryImageOfPage\":{\"@id\":\"https:\/\/www.frigorificosada.com.ar\/blog\/cortes-de-carne-vacuna\/#primaryimage\"},\"image\":{\"@id\":\"https:\/\/www.frigorificosada.com.ar\/blog\/cortes-de-carne-vacuna\/#primaryimage\"},\"thumbnailUrl\":\"https:\/\/www.frigorificosada.com.ar\/blog\/wp-content\/uploads\/2024\/09\/cortes-de-carne-vacuna.jpg\",\"datePublished\":\"2024-09-17T13:27:35+00:00\",\"dateModified\":\"2026-04-21T18:52:09+00:00\",\"author\":{\"@id\":\"https:\/\/www.frigorificosada.com.ar\/blog\/#\/schema\/person\/592d6ec3700a98a73085231129bcb8aa\"},\"description\":\"Descubre los principales cortes de carne vacuna, su ubicaci\u00f3n y los mejores usos culinarios. Gu\u00eda esencial para amantes de la carne.\",\"breadcrumb\":{\"@id\":\"https:\/\/www.frigorificosada.com.ar\/blog\/cortes-de-carne-vacuna\/#breadcrumb\"},\"inLanguage\":\"es-AR\",\"potentialAction\":[{\"@type\":\"ReadAction\",\"target\":[\"https:\/\/www.frigorificosada.com.ar\/blog\/cortes-de-carne-vacuna\/\"]}]},{\"@type\":\"ImageObject\",\"inLanguage\":\"es-AR\",\"@id\":\"https:\/\/www.frigorificosada.com.ar\/blog\/cortes-de-carne-vacuna\/#primaryimage\",\"url\":\"https:\/\/www.frigorificosada.com.ar\/blog\/wp-content\/uploads\/2024\/09\/cortes-de-carne-vacuna.jpg\",\"contentUrl\":\"https:\/\/www.frigorificosada.com.ar\/blog\/wp-content\/uploads\/2024\/09\/cortes-de-carne-vacuna.jpg\",\"width\":1200,\"height\":801,\"caption\":\"cortes de carne vacuna\"},{\"@type\":\"BreadcrumbList\",\"@id\":\"https:\/\/www.frigorificosada.com.ar\/blog\/cortes-de-carne-vacuna\/#breadcrumb\",\"itemListElement\":[{\"@type\":\"ListItem\",\"position\":1,\"name\":\"Inicio\",\"item\":\"https:\/\/www.frigorificosada.com.ar\/blog\/\"},{\"@type\":\"ListItem\",\"position\":2,\"name\":\"Cortes de carne vacuna: Gu\u00eda completa para conocer y elegir el mejor\"}]},{\"@type\":\"WebSite\",\"@id\":\"https:\/\/www.frigorificosada.com.ar\/blog\/#website\",\"url\":\"https:\/\/www.frigorificosada.com.ar\/blog\/\",\"name\":\"Blog Frigor\u00edfico SADA\",\"description\":\"\",\"potentialAction\":[{\"@type\":\"SearchAction\",\"target\":{\"@type\":\"EntryPoint\",\"urlTemplate\":\"https:\/\/www.frigorificosada.com.ar\/blog\/?s={search_term_string}\"},\"query-input\":{\"@type\":\"PropertyValueSpecification\",\"valueRequired\":true,\"valueName\":\"search_term_string\"}}],\"inLanguage\":\"es-AR\"},{\"@type\":\"Person\",\"@id\":\"https:\/\/www.frigorificosada.com.ar\/blog\/#\/schema\/person\/592d6ec3700a98a73085231129bcb8aa\",\"name\":\"Frigorifico SADA\",\"image\":{\"@type\":\"ImageObject\",\"inLanguage\":\"es-AR\",\"@id\":\"https:\/\/www.frigorificosada.com.ar\/blog\/#\/schema\/person\/image\/\",\"url\":\"https:\/\/secure.gravatar.com\/avatar\/4728df3565db59c318d31518356a084c41daf02ae0f665ce2549db75fe59ae55?s=96&d=mm&r=g\",\"contentUrl\":\"https:\/\/secure.gravatar.com\/avatar\/4728df3565db59c318d31518356a084c41daf02ae0f665ce2549db75fe59ae55?s=96&d=mm&r=g\",\"caption\":\"Frigorifico SADA\"},\"sameAs\":[\"https:\/\/www.frigorificosada.com.ar\/blog\"],\"url\":\"https:\/\/www.frigorificosada.com.ar\/blog\/author\/mdmarketing\/\"}]}<\/script>\n<!-- \/ Yoast SEO plugin. -->","yoast_head_json":{"title":"Cortes de carne vacuna: Gu\u00eda completa de los tipos y usos","description":"Descubre los principales cortes de carne vacuna, su ubicaci\u00f3n y los mejores usos culinarios. Gu\u00eda esencial para amantes de la carne.","robots":{"index":"index","follow":"follow","max-snippet":"max-snippet:-1","max-image-preview":"max-image-preview:large","max-video-preview":"max-video-preview:-1"},"canonical":"https:\/\/www.frigorificosada.com.ar\/blog\/cortes-de-carne-vacuna\/","og_locale":"es_ES","og_type":"article","og_title":"Cortes de carne vacuna: Gu\u00eda completa de los tipos y usos","og_description":"Descubre los principales cortes de carne vacuna, su ubicaci\u00f3n y los mejores usos culinarios. Gu\u00eda esencial para amantes de la carne.","og_url":"https:\/\/www.frigorificosada.com.ar\/blog\/cortes-de-carne-vacuna\/","og_site_name":"Blog Frigor\u00edfico SADA","article_published_time":"2024-09-17T13:27:35+00:00","article_modified_time":"2026-04-21T18:52:09+00:00","og_image":[{"width":1200,"height":801,"url":"https:\/\/www.frigorificosada.com.ar\/blog\/wp-content\/uploads\/2024\/09\/cortes-de-carne-vacuna.jpg","type":"image\/jpeg"}],"author":"Frigorifico SADA","twitter_card":"summary_large_image","twitter_misc":{"Escrito por":"Frigorifico SADA","Tiempo de lectura":"14 minutos"},"schema":{"@context":"https:\/\/schema.org","@graph":[{"@type":"WebPage","@id":"https:\/\/www.frigorificosada.com.ar\/blog\/cortes-de-carne-vacuna\/","url":"https:\/\/www.frigorificosada.com.ar\/blog\/cortes-de-carne-vacuna\/","name":"Cortes de carne vacuna: Gu\u00eda completa de los tipos y usos","isPartOf":{"@id":"https:\/\/www.frigorificosada.com.ar\/blog\/#website"},"primaryImageOfPage":{"@id":"https:\/\/www.frigorificosada.com.ar\/blog\/cortes-de-carne-vacuna\/#primaryimage"},"image":{"@id":"https:\/\/www.frigorificosada.com.ar\/blog\/cortes-de-carne-vacuna\/#primaryimage"},"thumbnailUrl":"https:\/\/www.frigorificosada.com.ar\/blog\/wp-content\/uploads\/2024\/09\/cortes-de-carne-vacuna.jpg","datePublished":"2024-09-17T13:27:35+00:00","dateModified":"2026-04-21T18:52:09+00:00","author":{"@id":"https:\/\/www.frigorificosada.com.ar\/blog\/#\/schema\/person\/592d6ec3700a98a73085231129bcb8aa"},"description":"Descubre los principales cortes de carne vacuna, su ubicaci\u00f3n y los mejores usos culinarios. Gu\u00eda esencial para amantes de la carne.","breadcrumb":{"@id":"https:\/\/www.frigorificosada.com.ar\/blog\/cortes-de-carne-vacuna\/#breadcrumb"},"inLanguage":"es-AR","potentialAction":[{"@type":"ReadAction","target":["https:\/\/www.frigorificosada.com.ar\/blog\/cortes-de-carne-vacuna\/"]}]},{"@type":"ImageObject","inLanguage":"es-AR","@id":"https:\/\/www.frigorificosada.com.ar\/blog\/cortes-de-carne-vacuna\/#primaryimage","url":"https:\/\/www.frigorificosada.com.ar\/blog\/wp-content\/uploads\/2024\/09\/cortes-de-carne-vacuna.jpg","contentUrl":"https:\/\/www.frigorificosada.com.ar\/blog\/wp-content\/uploads\/2024\/09\/cortes-de-carne-vacuna.jpg","width":1200,"height":801,"caption":"cortes de carne vacuna"},{"@type":"BreadcrumbList","@id":"https:\/\/www.frigorificosada.com.ar\/blog\/cortes-de-carne-vacuna\/#breadcrumb","itemListElement":[{"@type":"ListItem","position":1,"name":"Inicio","item":"https:\/\/www.frigorificosada.com.ar\/blog\/"},{"@type":"ListItem","position":2,"name":"Cortes de carne vacuna: Gu\u00eda completa para conocer y elegir el mejor"}]},{"@type":"WebSite","@id":"https:\/\/www.frigorificosada.com.ar\/blog\/#website","url":"https:\/\/www.frigorificosada.com.ar\/blog\/","name":"Blog Frigor\u00edfico SADA","description":"","potentialAction":[{"@type":"SearchAction","target":{"@type":"EntryPoint","urlTemplate":"https:\/\/www.frigorificosada.com.ar\/blog\/?s={search_term_string}"},"query-input":{"@type":"PropertyValueSpecification","valueRequired":true,"valueName":"search_term_string"}}],"inLanguage":"es-AR"},{"@type":"Person","@id":"https:\/\/www.frigorificosada.com.ar\/blog\/#\/schema\/person\/592d6ec3700a98a73085231129bcb8aa","name":"Frigorifico SADA","image":{"@type":"ImageObject","inLanguage":"es-AR","@id":"https:\/\/www.frigorificosada.com.ar\/blog\/#\/schema\/person\/image\/","url":"https:\/\/secure.gravatar.com\/avatar\/4728df3565db59c318d31518356a084c41daf02ae0f665ce2549db75fe59ae55?s=96&d=mm&r=g","contentUrl":"https:\/\/secure.gravatar.com\/avatar\/4728df3565db59c318d31518356a084c41daf02ae0f665ce2549db75fe59ae55?s=96&d=mm&r=g","caption":"Frigorifico SADA"},"sameAs":["https:\/\/www.frigorificosada.com.ar\/blog"],"url":"https:\/\/www.frigorificosada.com.ar\/blog\/author\/mdmarketing\/"}]}},"_links":{"self":[{"href":"https:\/\/www.frigorificosada.com.ar\/blog\/wp-json\/wp\/v2\/posts\/482","targetHints":{"allow":["GET"]}}],"collection":[{"href":"https:\/\/www.frigorificosada.com.ar\/blog\/wp-json\/wp\/v2\/posts"}],"about":[{"href":"https:\/\/www.frigorificosada.com.ar\/blog\/wp-json\/wp\/v2\/types\/post"}],"author":[{"embeddable":true,"href":"https:\/\/www.frigorificosada.com.ar\/blog\/wp-json\/wp\/v2\/users\/1"}],"replies":[{"embeddable":true,"href":"https:\/\/www.frigorificosada.com.ar\/blog\/wp-json\/wp\/v2\/comments?post=482"}],"version-history":[{"count":18,"href":"https:\/\/www.frigorificosada.com.ar\/blog\/wp-json\/wp\/v2\/posts\/482\/revisions"}],"predecessor-version":[{"id":1003,"href":"https:\/\/www.frigorificosada.com.ar\/blog\/wp-json\/wp\/v2\/posts\/482\/revisions\/1003"}],"wp:featuredmedia":[{"embeddable":true,"href":"https:\/\/www.frigorificosada.com.ar\/blog\/wp-json\/wp\/v2\/media\/634"}],"wp:attachment":[{"href":"https:\/\/www.frigorificosada.com.ar\/blog\/wp-json\/wp\/v2\/media?parent=482"}],"wp:term":[{"taxonomy":"category","embeddable":true,"href":"https:\/\/www.frigorificosada.com.ar\/blog\/wp-json\/wp\/v2\/categories?post=482"},{"taxonomy":"post_tag","embeddable":true,"href":"https:\/\/www.frigorificosada.com.ar\/blog\/wp-json\/wp\/v2\/tags?post=482"}],"curies":[{"name":"wp","href":"https:\/\/api.w.org\/{rel}","templated":true}]}}