{"id":810,"date":"2025-06-27T12:58:52","date_gmt":"2025-06-27T15:58:52","guid":{"rendered":"https:\/\/www.frigorificosada.com.ar\/blog\/?p=810"},"modified":"2025-07-04T10:42:24","modified_gmt":"2025-07-04T13:42:24","slug":"que-corte-es-el-ojo-de-bife-25jnev","status":"publish","type":"post","link":"https:\/\/www.frigorificosada.com.ar\/blog\/que-corte-es-el-ojo-de-bife-25jnev\/","title":{"rendered":"\u00bfQu\u00e9 es el ojo de bife y por qu\u00e9 es tan valorado?"},"content":{"rendered":"\n<p>Cuando hablamos de los <strong>cortes m\u00e1s preciados<\/strong> de la gastronom\u00eda argentina, el <strong>ojo de bife<\/strong> ocupa un lugar de honor en las parrillas y cocinas gourmet de todo el pa\u00eds. Este corte, que ha conquistado el paladar de argentinos y extranjeros por igual, representa la perfecta combinaci\u00f3n entre <strong>terneza<\/strong>, <strong>sabor<\/strong> y <strong>versatilidad culinaria<\/strong>.<\/p>\n\n\n\n<p>Su popularidad no es casualidad: se trata de una pieza que ofrece una <strong>experiencia gastron\u00f3mica excepcional<\/strong>, ya sea preparada en una parrilla familiar de fin de semana o en el restaurante m\u00e1s sofisticado de Buenos Aires.<\/p>\n\n\n\n<p><\/p>\n\n\n\n<div class=\"wp-block-columns alignwide cta-blog has-base-color has-primary-background-color has-text-color has-background has-link-color has-large-font-size wp-elements-e5b4e86d10220e991b7cb255d264b034 is-layout-flex wp-container-core-columns-is-layout-db27d905 wp-block-columns-is-layout-flex\" style=\"border-style:none;border-width:0px;border-radius:30px;margin-top:0;margin-bottom:0;padding-top:0;padding-right:0;padding-bottom:0;padding-left:0\">\n<div class=\"wp-block-column is-layout-flow wp-block-column-is-layout-flow\" style=\"padding-top:var(--wp--preset--spacing--30);padding-bottom:var(--wp--preset--spacing--30)\">\n<p class=\"has-text-align-center cta-text has-base-color has-text-color has-link-color has-large-font-size wp-elements-fcbf2fd70ccc738d7c2b8b0cb9500e45\" style=\"margin-top:0px;margin-right:0px;margin-bottom:0px;margin-left:0px;line-height:1.2\">\u00a1Consegu\u00ed carne vacuna, porcina y menudencias de m\u00e1xima calidad!<\/p>\n<\/div>\n\n\n\n<div class=\"wp-block-column is-layout-flow wp-block-column-is-layout-flow\" style=\"padding-top:var(--wp--preset--spacing--30);padding-bottom:var(--wp--preset--spacing--30)\">\n<div class=\"wp-block-buttons is-content-justification-center is-layout-flex wp-container-core-buttons-is-layout-a89b3969 wp-block-buttons-is-layout-flex\">\n<div class=\"wp-block-button has-custom-width wp-block-button__width-75 cta-button is-style-fill\"><a class=\"wp-block-button__link has-contrast-color has-base-background-color has-text-color has-background has-link-color has-small-font-size has-text-align-center has-custom-font-size wp-element-button\" href=\"https:\/\/www.frigorificosada.com.ar\/productos\" style=\"border-radius:20px;padding-right:0;padding-left:0\"> Conoc\u00e9 nuestros productos<\/a><\/div>\n<\/div>\n<\/div>\n<\/div>\n\n\n\n<p><\/p>\n\n\n\n<h2 class=\"wp-block-heading\">\u00bfQu\u00e9 corte es el ojo de bife?<\/h2>\n\n\n\n<p>Para entender la magia de este <a href=\"https:\/\/www.frigorificosada.com.ar\/carne-bovina\"><strong>corte de carne vacuna<\/strong><\/a>, primero debemos saber de d\u00f3nde viene. Si alguna vez te preguntaste \u201c<strong>\u00bfde qu\u00e9 parte es el ojo de bife?<\/strong>\u201d, la explicaci\u00f3n, aunque sencilla, resulta igualmente interesante: este corte se extrae de la <strong>secci\u00f3n delantera del lomo de la res<\/strong>, concretamente del costillar. Es, en esencia, el <strong>coraz\u00f3n del bife ancho<\/strong>, conocido internacionalmente como <strong>Ribeye<\/strong>. Se lo llama \u201cojo\u201d porque est\u00e1 formado por el m\u00fasculo principal del corte, una <strong>pieza redondeada y tierna<\/strong> que, al filetearse, recuerda a la forma de un ojo.<\/p>\n\n\n\n<p>La <strong>ubicaci\u00f3n del ojo de bife en la vaca<\/strong> es clave para entender su calidad. Al encontrarse en la parte alta del costillar, <strong>es un m\u00fasculo que casi no trabaja<\/strong>, lo que da como resultado una <strong>carne notablemente tierna<\/strong>. Adem\u00e1s, su posici\u00f3n privilegiada le proporciona un veteado de <strong>grasa intramuscular<\/strong> (conocido como marmoleo), que es el secreto detr\u00e1s de su jugosidad y sabor inconfundibles.<\/p>\n\n\n\n<h2 class=\"wp-block-heading\">Diferencias entre ojo de bife y bife de chorizo<\/h2>\n\n\n\n<p>La eterna pregunta entre <strong>ojo de bife o bife de chorizo<\/strong> despierta debates encendidos entre los fan\u00e1ticos del asado argentino. Aunque <strong>ambos son cortes premium<\/strong>, existen diferencias notables que influyen tanto en su precio como en su forma de preparaci\u00f3n.<\/p>\n\n\n\n<p>En la comparaci\u00f3n <strong>ojo de bife vs bife de chorizo<\/strong>, los contrastes son evidentes: el ojo de bife se distingue por su forma redondeada y su tama\u00f1o m\u00e1s compacto, mientras que el bife de chorizo es m\u00e1s ancho, plano y de mayor superficie.<\/p>\n\n\n\n<p>La diferencia principal radica en su <strong>origen anat\u00f3mico<\/strong>. El bife de chorizo proviene del cuarto trasero del animal, espec\u00edficamente del m\u00fasculo gluteus medius, lo que le da una textura m\u00e1s firme y un sabor m\u00e1s intenso. En cambio, el ojo de bife se extrae del lomo alto, lo que se traduce en una carne m\u00e1s tierna y de sabor m\u00e1s delicado.<\/p>\n\n\n\n<p>Esta diferencia tambi\u00e9n se refleja en el grosor del corte: el ojo de bife suele presentarse en piezas m\u00e1s gruesas (entre 3 y 4 cm), mientras que el bife de chorizo se corta tradicionalmente m\u00e1s fino.<\/p>\n\n\n\n<p>En cuanto a la cocci\u00f3n, cada corte exige una t\u00e9cnica particular. El ojo de bife, gracias a su terneza, se cocina m\u00e1s r\u00e1pido y tolera mejor variaciones en el tiempo de cocci\u00f3n. El bife de chorizo, por su parte, requiere mayor atenci\u00f3n para alcanzar el punto justo sin perder jugosidad.<\/p>\n\n\n\n<p>Finalmente, el precio tambi\u00e9n marca una diferencia: el ojo de bife suele ser m\u00e1s caro, ya que se obtiene en menor cantidad por animal y proviene de una zona especialmente valorada por su calidad.<\/p>\n\n\n\n<h3 class=\"wp-block-heading\">\u00bfQu\u00e9 sabor tiene el ojo de bife?<\/h3>\n\n\n\n<p>El <strong>sabor del ojo de bife<\/strong> es una experiencia en s\u00ed misma. Gracias a su marmoleo, la grasa se derrite durante la cocci\u00f3n, impregnando la carne y d\u00e1ndole una <strong>jugosidad<\/strong> y una <strong>untuosidad<\/strong> inigualables. El resultado es un bife que casi se deshace en la boca, con un <strong>sabor intenso pero equilibrado<\/strong>, donde se aprecian notas dulces y mantecosas que no opacan el gusto profundo de la buena carne.<\/p>\n\n\n\n<p>El <strong>ojo de bife argentino<\/strong> es especialmente apreciado por sus cualidades excepcionales. La <a href=\"https:\/\/www.frigorificosada.com.ar\/blog\/calidad-de-carne-vacuna\/\"><strong>calidad de nuestra carne vacuna<\/strong><\/a> se debe a las pasturas naturales y al m\u00e9todo tradicional de cr\u00eda del ganado, que dan como resultado un <strong>perfil de sabor inconfundible<\/strong>. No se trata de un gusto agresivo, sino de una caricia al paladar: una explosi\u00f3n de jugos y texturas que confirma por qu\u00e9 este corte es uno de los favoritos de quienes verdaderamente saben disfrutar de la buena mesa.<\/p>\n\n\n\n<h3 class=\"wp-block-heading\">\u00bfQu\u00e9 usos tiene el ojo de bife en la cocina?<\/h3>\n\n\n\n<p>La <strong>versatilidad<\/strong> es una de las grandes virtudes de este corte. Si bien el <strong>ojo de bife a la parrilla es la preparaci\u00f3n m\u00e1s ic\u00f3nica<\/strong>, sus posibilidades van mucho m\u00e1s all\u00e1. Se adapta perfectamente a la <strong>cocci\u00f3n en sart\u00e9n de hierro o grill<\/strong>, donde se puede lograr un sellado perfecto por fuera y mantener un interior jugoso. Tambi\u00e9n es una opci\u00f3n fant\u00e1stica para <strong>cocinar al horno<\/strong>, especialmente si se trata de una pieza entera, logrando un <strong><a href=\"https:\/\/www.frigorificosada.com.ar\/blog\/que-es-el-roast-beef-25jlev\/\">roast beef<\/a><\/strong> tierno y sabroso.<\/p>\n\n\n\n<p>Para quienes buscan inspiraci\u00f3n, existen <strong>innumerables recetas de ojo de bife<\/strong>. Desde un simple bife a la plancha con sal y pimienta hasta preparaciones m\u00e1s elaboradas con salsas de vino, hongos o hierbas. Un consejo general es <strong>respetar el grosor del corte<\/strong>: los bifes de al menos 3 \u00f3 4 cent\u00edmetros de espesor son ideales para la parrilla, mientras que cortes m\u00e1s finos pueden funcionar mejor en la sart\u00e9n para una cocci\u00f3n r\u00e1pida.<\/p>\n\n\n\n<h3 class=\"wp-block-heading\">\u00bfC\u00f3mo se llama el ojo de bife en Argentina?<\/h3>\n\n\n\n<p>En nuestro pa\u00eds, el nombre es claro y directo: <strong>ojo de bife<\/strong>. No suele tener apodos ni variantes, ya que se trata de un corte muy espec\u00edfico y ampliamente reconocido. Sin embargo, es \u00fatil conocer sus denominaciones internacionales para evitar confusiones al leer men\u00fas o recetas del extranjero. En el <strong>mundo anglosaj\u00f3n<\/strong>, su nombre m\u00e1s com\u00fan es <strong>\u201cRibeye\u201d<\/strong>, que significa literalmente <strong>\u201cojo de costilla\u201d<\/strong>.<\/p>\n\n\n\n<p>Este corte puede encontrarse de distintas maneras. Lo m\u00e1s habitual es <strong>adquirirlo ya fileteado<\/strong> en porciones individuales, aunque <strong>tambi\u00e9n se comercializa la pieza entera<\/strong>, que puede pesar entre 2 y 4 kilos, ideal para asar al horno. Para una experiencia de sabor a\u00fan m\u00e1s intensa, existe la <strong>opci\u00f3n del ojo de bife con hueso<\/strong>, conocido a veces como <strong>\u201cbife ancho\u201d<\/strong> o, cuando el hueso se presenta largo y expuesto, como <strong>\u201cTomahawk\u201d<\/strong>.<\/p>\n\n\n\n<p><\/p>\n\n\n\n<figure class=\"wp-block-image size-large\"><img loading=\"lazy\" decoding=\"async\" width=\"1024\" height=\"683\" src=\"https:\/\/www.frigorificosada.com.ar\/blog\/wp-content\/uploads\/2025\/06\/como-cocinar-ojo-de-bife-1024x683.jpg\" alt=\"c\u00f3mo cocinar ojo de bife\" class=\"wp-image-812\" srcset=\"https:\/\/www.frigorificosada.com.ar\/blog\/wp-content\/uploads\/2025\/06\/como-cocinar-ojo-de-bife-1024x683.jpg 1024w, https:\/\/www.frigorificosada.com.ar\/blog\/wp-content\/uploads\/2025\/06\/como-cocinar-ojo-de-bife-300x200.jpg 300w, https:\/\/www.frigorificosada.com.ar\/blog\/wp-content\/uploads\/2025\/06\/como-cocinar-ojo-de-bife-768x512.jpg 768w, https:\/\/www.frigorificosada.com.ar\/blog\/wp-content\/uploads\/2025\/06\/como-cocinar-ojo-de-bife.jpg 1200w\" sizes=\"auto, (max-width: 1024px) 100vw, 1024px\" \/><\/figure>\n\n\n\n<p><\/p>\n\n\n\n<h2 class=\"wp-block-heading\">\u00bfC\u00f3mo cocinar el ojo de bife?<\/h2>\n\n\n\n<p>Ahora, a lo importante: <strong>c\u00f3mo cocinar ojo de bife para sacarle el m\u00e1ximo provecho<\/strong>. La clave es la <strong>temperatura<\/strong> y el <strong>tiempo<\/strong>. El objetivo es lograr un buen <strong>sellado<\/strong> por fuera para crear una <strong>costra dorada<\/strong> y un <strong>interior que conserve su jugosidad<\/strong>, cocido al punto que m\u00e1s te guste. Un <strong>tip fundamental<\/strong>: siempre llev\u00e1 la carne a temperatura ambiente antes de cocinarla, sac\u00e1ndola de la heladera unos 30-40 minutos antes.<\/p>\n\n\n\n<p>Para salar, lo ideal es usar <strong>sal parrillera<\/strong> o <strong>entrefina<\/strong> justo <strong>antes de llevarlo al fuego<\/strong> o durante la cocci\u00f3n. Despu\u00e9s de cocinarlo, un paso crucial que muchos omiten es <strong>dejarlo reposar unos minutos antes de cortarlo<\/strong>. Esto permite que los jugos se redistribuyan por toda la pieza, garantizando un bocado mucho m\u00e1s tierno y sabroso. Acompa\u00f1alo con un buen chimichurri, una ensalada fresca o unas papas al horno.<\/p>\n\n\n\n<h3 class=\"wp-block-heading\">Ojo de bife a la parrilla<\/h3>\n\n\n\n<p>El m\u00e9todo rey. Con brasas a fuego fuerte, <strong>sell\u00e1 el bife unos 4-5 minutos por lado<\/strong> para lograr una buena costra. Luego, pod\u00e9s moverlo a una zona de calor m\u00e1s moderado para terminar la cocci\u00f3n a tu gusto. Para un punto jugoso, con unos 10-12 minutos totales suele ser suficiente para un bife de 3 cm.<\/p>\n\n\n\n<h3 class=\"wp-block-heading\">Ojo de bife al horno<\/h3>\n\n\n\n<p>Perfecto para una <strong>pieza entera<\/strong>. Primero, sellala por todos sus lados en una sart\u00e9n caliente con un poco de aceite. Luego, llevala a un <strong>horno precalentado a 180-200\u00b0C<\/strong>. El tiempo depender\u00e1 del tama\u00f1o y del punto deseado, pero calcul\u00e1 unos <strong>20-25 minutos por kilo para un punto jugoso<\/strong>. Usar un term\u00f3metro de carne es la mejor forma de asegurar la perfecci\u00f3n.<\/p>\n\n\n\n<h3 class=\"wp-block-heading\">Ojo de bife con hueso<\/h3>\n\n\n\n<p>El hueso no solo aporta un sabor incre\u00edble, sino que tambi\u00e9n <strong>ayuda a una cocci\u00f3n m\u00e1s pareja<\/strong>, ya que act\u00faa como conductor del calor. Se cocina de manera similar a la parrilla o al horno, pero necesitar\u00e1 unos <strong>minutos extra de cocci\u00f3n<\/strong>. Paciencia, que la recompensa vale la pena.<\/p>\n\n\n\n<h2 class=\"wp-block-heading\">\u00bfC\u00f3mo elegir y conservar el ojo de bife?<\/h2>\n\n\n\n<p>Saber <strong>elegir el corte<\/strong> es el primer paso para un resultado exitoso. Al comprar, busc\u00e1 un <strong>color rojo vivo y brillante<\/strong>. La clave, sin embargo, est\u00e1 en el <strong>marmoleo<\/strong>: esas finas vetas de grasa blanca distribuidas por toda la carne. Cuanto m\u00e1s veteado est\u00e9, m\u00e1s tierno y jugoso ser\u00e1 tu ojo de bife. No te asustes de la grasa, en este corte, es sin\u00f3nimo de calidad.<\/p>\n\n\n\n<p>Para conservarlo, si lo vas a <strong>consumir en los pr\u00f3ximos 2 o 3 d\u00edas<\/strong>, guardalo en la parte m\u00e1s fr\u00eda de la <strong>heladera<\/strong>, bien envuelto. Si quer\u00e9s conservarlo por <strong>m\u00e1s tiempo<\/strong>, el <strong>freezer<\/strong> es tu aliado. Envolvelo herm\u00e9ticamente o, idealmente, sellalo al vac\u00edo para <strong>protegerlo de quemaduras por fr\u00edo<\/strong>. Para garantizar que siempre llev\u00e1s a tu mesa un producto de excelencia, te recomendamos explorar las opciones de <strong>ojo de bife<\/strong> del cat\u00e1logo de <a href=\"https:\/\/www.frigorificosada.com.ar\/\"><strong>Frigorifico SADA<\/strong><\/a>, donde cada corte es seleccionado cuidadosamente para asegurar el m\u00e1ximo sabor y terneza.<\/p>\n\n\n\n<p><\/p>\n\n\n\n<div class=\"wp-block-columns alignwide cta-blog has-base-color has-primary-background-color has-text-color has-background has-link-color has-large-font-size wp-elements-e5b4e86d10220e991b7cb255d264b034 is-layout-flex wp-container-core-columns-is-layout-db27d905 wp-block-columns-is-layout-flex\" style=\"border-style:none;border-width:0px;border-radius:30px;margin-top:0;margin-bottom:0;padding-top:0;padding-right:0;padding-bottom:0;padding-left:0\">\n<div class=\"wp-block-column is-layout-flow wp-block-column-is-layout-flow\" style=\"padding-top:var(--wp--preset--spacing--30);padding-bottom:var(--wp--preset--spacing--30)\">\n<p class=\"has-text-align-center cta-text has-base-color has-text-color has-link-color has-large-font-size wp-elements-fcbf2fd70ccc738d7c2b8b0cb9500e45\" style=\"margin-top:0px;margin-right:0px;margin-bottom:0px;margin-left:0px;line-height:1.2\">\u00a1Consegu\u00ed carne vacuna, porcina y menudencias de m\u00e1xima calidad!<\/p>\n<\/div>\n\n\n\n<div class=\"wp-block-column is-layout-flow wp-block-column-is-layout-flow\" style=\"padding-top:var(--wp--preset--spacing--30);padding-bottom:var(--wp--preset--spacing--30)\">\n<div class=\"wp-block-buttons is-content-justification-center is-layout-flex wp-container-core-buttons-is-layout-a89b3969 wp-block-buttons-is-layout-flex\">\n<div class=\"wp-block-button has-custom-width wp-block-button__width-75 cta-button is-style-fill\"><a class=\"wp-block-button__link has-contrast-color has-base-background-color has-text-color has-background has-link-color has-small-font-size has-text-align-center has-custom-font-size wp-element-button\" href=\"https:\/\/www.frigorificosada.com.ar\/productos\" style=\"border-radius:20px;padding-right:0;padding-left:0\"> Conoc\u00e9 nuestros productos<\/a><\/div>\n<\/div>\n<\/div>\n<\/div>\n\n\n\n<p><\/p>\n\n\n\n<h2 class=\"wp-block-heading\">Conclusiones<\/h2>\n\n\n\n<p>Queda claro por qu\u00e9 el <strong>ojo de bife argentino<\/strong> es mucho m\u00e1s que un simple <a href=\"https:\/\/www.frigorificosada.com.ar\/carne-bovina\"><strong>corte de carne vacuno<\/strong><\/a>. Es el <strong>protagonista de nuestros <\/strong><a href=\"https:\/\/www.frigorificosada.com.ar\/blog\/como-hacer-un-buen-asado-argentino-a-la-parrilla\/\"><strong>asados<\/strong><\/a>, el secreto de un plato memorable y una prueba irrefutable de la <a href=\"https:\/\/www.frigorificosada.com.ar\/blog\/calidad-de-carne-vacuna\/\"><strong>calidad de la carne de nuestro pa\u00eds<\/strong><\/a>. Su terneza inigualable, su jugosidad y su sabor equilibrado lo convierten en la elecci\u00f3n perfecta tanto para parrilleros experimentados como para quienes reci\u00e9n se inician en el arte de la buena cocina.<\/p>\n\n\n\n<p>No te quedes con las ganas de vivir la experiencia. Animate a probarlo en sus diferentes m\u00e9todos de cocci\u00f3n y descubr\u00ed <strong>por qu\u00e9 es uno de los cortes m\u00e1s amados<\/strong>. Te invitamos a visitar las <a href=\"https:\/\/www.frigorificosada.com.ar\/sucursales\"><strong>sucursales de carnicer\u00eda<\/strong><\/a> de <a href=\"https:\/\/www.frigorificosada.com.ar\/\"><strong>Frigorifico SADA<\/strong><\/a> o <a href=\"https:\/\/api.whatsapp.com\/send\/?phone=5492326464720\"><strong>contactarnos por WhatsApp al +54 9 2326 46 4720<\/strong><\/a> para elegir tu pr\u00f3xima <a href=\"https:\/\/www.frigorificosada.com.ar\/productos\"><strong>compra de carne al por mayor y menor<\/strong><\/a> y a <a href=\"https:\/\/www.frigorificosada.com.ar\/blog\/\"><strong>explorar nuestro blog<\/strong><\/a> para encontrar m\u00e1s recetas e ideas que te inspiren a crear momentos \u00fanicos alrededor del fuego.<\/p>\n","protected":false},"excerpt":{"rendered":"<p>Cuando hablamos de los cortes m\u00e1s preciados de la gastronom\u00eda argentina, el ojo de bife ocupa un lugar de honor en las parrillas y cocinas gourmet de todo el pa\u00eds. Este corte, que ha conquistado el paladar de argentinos y extranjeros por igual, representa la perfecta combinaci\u00f3n entre terneza, sabor y versatilidad culinaria. Su popularidad [&hellip;]<\/p>\n","protected":false},"author":1,"featured_media":811,"comment_status":"open","ping_status":"closed","sticky":false,"template":"","format":"standard","meta":{"footnotes":""},"categories":[20,18],"tags":[31,16,36,26],"class_list":["post-810","post","type-post","status-publish","format-standard","has-post-thumbnail","hentry","category-cortes-de-carne-vacuna","category-frigorifico","tag-carne-de-vacuno","tag-carne-vacuna","tag-ojo-de-bife","tag-productos-carnicos"],"yoast_head":"<!-- This site is optimized with the Yoast SEO plugin v24.9 - https:\/\/yoast.com\/wordpress\/plugins\/seo\/ -->\n<title>Ojo de bife: qu\u00e9 corte es y c\u00f3mo cocinarlo<\/title>\n<meta name=\"description\" content=\"Qu\u00e9 es el ojo de bife, en qu\u00e9 parte de la vaca se encuentra y c\u00f3mo cocinarlo a la parrilla o al horno. \u00a1Aprend\u00e9 a elegir este corte ideal!\" \/>\n<meta name=\"robots\" content=\"index, follow, max-snippet:-1, max-image-preview:large, max-video-preview:-1\" \/>\n<link rel=\"canonical\" href=\"https:\/\/www.frigorificosada.com.ar\/blog\/que-corte-es-el-ojo-de-bife-25jnev\/\" \/>\n<meta property=\"og:locale\" content=\"es_ES\" \/>\n<meta property=\"og:type\" content=\"article\" \/>\n<meta property=\"og:title\" content=\"Ojo de bife: qu\u00e9 corte es y c\u00f3mo cocinarlo\" \/>\n<meta property=\"og:description\" content=\"Qu\u00e9 es el ojo de bife, en qu\u00e9 parte de la vaca se encuentra y c\u00f3mo cocinarlo a la parrilla o al horno. \u00a1Aprend\u00e9 a elegir este corte ideal!\" \/>\n<meta property=\"og:url\" content=\"https:\/\/www.frigorificosada.com.ar\/blog\/que-corte-es-el-ojo-de-bife-25jnev\/\" \/>\n<meta property=\"og:site_name\" content=\"Blog Frigor\u00edfico SADA\" \/>\n<meta property=\"article:published_time\" content=\"2025-06-27T15:58:52+00:00\" \/>\n<meta property=\"article:modified_time\" content=\"2025-07-04T13:42:24+00:00\" \/>\n<meta property=\"og:image\" content=\"https:\/\/www.frigorificosada.com.ar\/blog\/wp-content\/uploads\/2025\/06\/que-es-el-ojo-de-bife.jpg\" \/>\n\t<meta property=\"og:image:width\" content=\"1200\" \/>\n\t<meta property=\"og:image:height\" content=\"800\" \/>\n\t<meta property=\"og:image:type\" content=\"image\/jpeg\" \/>\n<meta name=\"author\" content=\"Frigorifico SADA\" \/>\n<meta name=\"twitter:card\" content=\"summary_large_image\" \/>\n<meta name=\"twitter:label1\" content=\"Escrito por\" \/>\n\t<meta name=\"twitter:data1\" content=\"Frigorifico SADA\" \/>\n\t<meta name=\"twitter:label2\" content=\"Tiempo de lectura\" \/>\n\t<meta name=\"twitter:data2\" content=\"9 minutos\" \/>\n<script type=\"application\/ld+json\" class=\"yoast-schema-graph\">{\"@context\":\"https:\/\/schema.org\",\"@graph\":[{\"@type\":\"WebPage\",\"@id\":\"https:\/\/www.frigorificosada.com.ar\/blog\/que-corte-es-el-ojo-de-bife-25jnev\/\",\"url\":\"https:\/\/www.frigorificosada.com.ar\/blog\/que-corte-es-el-ojo-de-bife-25jnev\/\",\"name\":\"Ojo de bife: qu\u00e9 corte es y c\u00f3mo cocinarlo\",\"isPartOf\":{\"@id\":\"https:\/\/www.frigorificosada.com.ar\/blog\/#website\"},\"primaryImageOfPage\":{\"@id\":\"https:\/\/www.frigorificosada.com.ar\/blog\/que-corte-es-el-ojo-de-bife-25jnev\/#primaryimage\"},\"image\":{\"@id\":\"https:\/\/www.frigorificosada.com.ar\/blog\/que-corte-es-el-ojo-de-bife-25jnev\/#primaryimage\"},\"thumbnailUrl\":\"https:\/\/www.frigorificosada.com.ar\/blog\/wp-content\/uploads\/2025\/06\/que-es-el-ojo-de-bife.jpg\",\"datePublished\":\"2025-06-27T15:58:52+00:00\",\"dateModified\":\"2025-07-04T13:42:24+00:00\",\"author\":{\"@id\":\"https:\/\/www.frigorificosada.com.ar\/blog\/#\/schema\/person\/592d6ec3700a98a73085231129bcb8aa\"},\"description\":\"Qu\u00e9 es el ojo de bife, en qu\u00e9 parte de la vaca se encuentra y c\u00f3mo cocinarlo a la parrilla o al horno. \u00a1Aprend\u00e9 a elegir este corte ideal!\",\"breadcrumb\":{\"@id\":\"https:\/\/www.frigorificosada.com.ar\/blog\/que-corte-es-el-ojo-de-bife-25jnev\/#breadcrumb\"},\"inLanguage\":\"es-AR\",\"potentialAction\":[{\"@type\":\"ReadAction\",\"target\":[\"https:\/\/www.frigorificosada.com.ar\/blog\/que-corte-es-el-ojo-de-bife-25jnev\/\"]}]},{\"@type\":\"ImageObject\",\"inLanguage\":\"es-AR\",\"@id\":\"https:\/\/www.frigorificosada.com.ar\/blog\/que-corte-es-el-ojo-de-bife-25jnev\/#primaryimage\",\"url\":\"https:\/\/www.frigorificosada.com.ar\/blog\/wp-content\/uploads\/2025\/06\/que-es-el-ojo-de-bife.jpg\",\"contentUrl\":\"https:\/\/www.frigorificosada.com.ar\/blog\/wp-content\/uploads\/2025\/06\/que-es-el-ojo-de-bife.jpg\",\"width\":1200,\"height\":800,\"caption\":\"qu\u00e9 es el ojo de bife\"},{\"@type\":\"BreadcrumbList\",\"@id\":\"https:\/\/www.frigorificosada.com.ar\/blog\/que-corte-es-el-ojo-de-bife-25jnev\/#breadcrumb\",\"itemListElement\":[{\"@type\":\"ListItem\",\"position\":1,\"name\":\"Inicio\",\"item\":\"https:\/\/www.frigorificosada.com.ar\/blog\/\"},{\"@type\":\"ListItem\",\"position\":2,\"name\":\"\u00bfQu\u00e9 es el ojo de bife y por qu\u00e9 es tan valorado?\"}]},{\"@type\":\"WebSite\",\"@id\":\"https:\/\/www.frigorificosada.com.ar\/blog\/#website\",\"url\":\"https:\/\/www.frigorificosada.com.ar\/blog\/\",\"name\":\"Blog Frigor\u00edfico SADA\",\"description\":\"\",\"potentialAction\":[{\"@type\":\"SearchAction\",\"target\":{\"@type\":\"EntryPoint\",\"urlTemplate\":\"https:\/\/www.frigorificosada.com.ar\/blog\/?s={search_term_string}\"},\"query-input\":{\"@type\":\"PropertyValueSpecification\",\"valueRequired\":true,\"valueName\":\"search_term_string\"}}],\"inLanguage\":\"es-AR\"},{\"@type\":\"Person\",\"@id\":\"https:\/\/www.frigorificosada.com.ar\/blog\/#\/schema\/person\/592d6ec3700a98a73085231129bcb8aa\",\"name\":\"Frigorifico SADA\",\"image\":{\"@type\":\"ImageObject\",\"inLanguage\":\"es-AR\",\"@id\":\"https:\/\/www.frigorificosada.com.ar\/blog\/#\/schema\/person\/image\/\",\"url\":\"https:\/\/secure.gravatar.com\/avatar\/4728df3565db59c318d31518356a084c41daf02ae0f665ce2549db75fe59ae55?s=96&d=mm&r=g\",\"contentUrl\":\"https:\/\/secure.gravatar.com\/avatar\/4728df3565db59c318d31518356a084c41daf02ae0f665ce2549db75fe59ae55?s=96&d=mm&r=g\",\"caption\":\"Frigorifico SADA\"},\"sameAs\":[\"https:\/\/www.frigorificosada.com.ar\/blog\"],\"url\":\"https:\/\/www.frigorificosada.com.ar\/blog\/author\/mdmarketing\/\"}]}<\/script>\n<!-- \/ Yoast SEO plugin. -->","yoast_head_json":{"title":"Ojo de bife: qu\u00e9 corte es y c\u00f3mo cocinarlo","description":"Qu\u00e9 es el ojo de bife, en qu\u00e9 parte de la vaca se encuentra y c\u00f3mo cocinarlo a la parrilla o al horno. \u00a1Aprend\u00e9 a elegir este corte ideal!","robots":{"index":"index","follow":"follow","max-snippet":"max-snippet:-1","max-image-preview":"max-image-preview:large","max-video-preview":"max-video-preview:-1"},"canonical":"https:\/\/www.frigorificosada.com.ar\/blog\/que-corte-es-el-ojo-de-bife-25jnev\/","og_locale":"es_ES","og_type":"article","og_title":"Ojo de bife: qu\u00e9 corte es y c\u00f3mo cocinarlo","og_description":"Qu\u00e9 es el ojo de bife, en qu\u00e9 parte de la vaca se encuentra y c\u00f3mo cocinarlo a la parrilla o al horno. \u00a1Aprend\u00e9 a elegir este corte ideal!","og_url":"https:\/\/www.frigorificosada.com.ar\/blog\/que-corte-es-el-ojo-de-bife-25jnev\/","og_site_name":"Blog Frigor\u00edfico SADA","article_published_time":"2025-06-27T15:58:52+00:00","article_modified_time":"2025-07-04T13:42:24+00:00","og_image":[{"width":1200,"height":800,"url":"https:\/\/www.frigorificosada.com.ar\/blog\/wp-content\/uploads\/2025\/06\/que-es-el-ojo-de-bife.jpg","type":"image\/jpeg"}],"author":"Frigorifico SADA","twitter_card":"summary_large_image","twitter_misc":{"Escrito por":"Frigorifico SADA","Tiempo de lectura":"9 minutos"},"schema":{"@context":"https:\/\/schema.org","@graph":[{"@type":"WebPage","@id":"https:\/\/www.frigorificosada.com.ar\/blog\/que-corte-es-el-ojo-de-bife-25jnev\/","url":"https:\/\/www.frigorificosada.com.ar\/blog\/que-corte-es-el-ojo-de-bife-25jnev\/","name":"Ojo de bife: qu\u00e9 corte es y c\u00f3mo cocinarlo","isPartOf":{"@id":"https:\/\/www.frigorificosada.com.ar\/blog\/#website"},"primaryImageOfPage":{"@id":"https:\/\/www.frigorificosada.com.ar\/blog\/que-corte-es-el-ojo-de-bife-25jnev\/#primaryimage"},"image":{"@id":"https:\/\/www.frigorificosada.com.ar\/blog\/que-corte-es-el-ojo-de-bife-25jnev\/#primaryimage"},"thumbnailUrl":"https:\/\/www.frigorificosada.com.ar\/blog\/wp-content\/uploads\/2025\/06\/que-es-el-ojo-de-bife.jpg","datePublished":"2025-06-27T15:58:52+00:00","dateModified":"2025-07-04T13:42:24+00:00","author":{"@id":"https:\/\/www.frigorificosada.com.ar\/blog\/#\/schema\/person\/592d6ec3700a98a73085231129bcb8aa"},"description":"Qu\u00e9 es el ojo de bife, en qu\u00e9 parte de la vaca se encuentra y c\u00f3mo cocinarlo a la parrilla o al horno. \u00a1Aprend\u00e9 a elegir este corte ideal!","breadcrumb":{"@id":"https:\/\/www.frigorificosada.com.ar\/blog\/que-corte-es-el-ojo-de-bife-25jnev\/#breadcrumb"},"inLanguage":"es-AR","potentialAction":[{"@type":"ReadAction","target":["https:\/\/www.frigorificosada.com.ar\/blog\/que-corte-es-el-ojo-de-bife-25jnev\/"]}]},{"@type":"ImageObject","inLanguage":"es-AR","@id":"https:\/\/www.frigorificosada.com.ar\/blog\/que-corte-es-el-ojo-de-bife-25jnev\/#primaryimage","url":"https:\/\/www.frigorificosada.com.ar\/blog\/wp-content\/uploads\/2025\/06\/que-es-el-ojo-de-bife.jpg","contentUrl":"https:\/\/www.frigorificosada.com.ar\/blog\/wp-content\/uploads\/2025\/06\/que-es-el-ojo-de-bife.jpg","width":1200,"height":800,"caption":"qu\u00e9 es el ojo de bife"},{"@type":"BreadcrumbList","@id":"https:\/\/www.frigorificosada.com.ar\/blog\/que-corte-es-el-ojo-de-bife-25jnev\/#breadcrumb","itemListElement":[{"@type":"ListItem","position":1,"name":"Inicio","item":"https:\/\/www.frigorificosada.com.ar\/blog\/"},{"@type":"ListItem","position":2,"name":"\u00bfQu\u00e9 es el ojo de bife y por qu\u00e9 es tan valorado?"}]},{"@type":"WebSite","@id":"https:\/\/www.frigorificosada.com.ar\/blog\/#website","url":"https:\/\/www.frigorificosada.com.ar\/blog\/","name":"Blog Frigor\u00edfico SADA","description":"","potentialAction":[{"@type":"SearchAction","target":{"@type":"EntryPoint","urlTemplate":"https:\/\/www.frigorificosada.com.ar\/blog\/?s={search_term_string}"},"query-input":{"@type":"PropertyValueSpecification","valueRequired":true,"valueName":"search_term_string"}}],"inLanguage":"es-AR"},{"@type":"Person","@id":"https:\/\/www.frigorificosada.com.ar\/blog\/#\/schema\/person\/592d6ec3700a98a73085231129bcb8aa","name":"Frigorifico SADA","image":{"@type":"ImageObject","inLanguage":"es-AR","@id":"https:\/\/www.frigorificosada.com.ar\/blog\/#\/schema\/person\/image\/","url":"https:\/\/secure.gravatar.com\/avatar\/4728df3565db59c318d31518356a084c41daf02ae0f665ce2549db75fe59ae55?s=96&d=mm&r=g","contentUrl":"https:\/\/secure.gravatar.com\/avatar\/4728df3565db59c318d31518356a084c41daf02ae0f665ce2549db75fe59ae55?s=96&d=mm&r=g","caption":"Frigorifico SADA"},"sameAs":["https:\/\/www.frigorificosada.com.ar\/blog"],"url":"https:\/\/www.frigorificosada.com.ar\/blog\/author\/mdmarketing\/"}]}},"_links":{"self":[{"href":"https:\/\/www.frigorificosada.com.ar\/blog\/wp-json\/wp\/v2\/posts\/810","targetHints":{"allow":["GET"]}}],"collection":[{"href":"https:\/\/www.frigorificosada.com.ar\/blog\/wp-json\/wp\/v2\/posts"}],"about":[{"href":"https:\/\/www.frigorificosada.com.ar\/blog\/wp-json\/wp\/v2\/types\/post"}],"author":[{"embeddable":true,"href":"https:\/\/www.frigorificosada.com.ar\/blog\/wp-json\/wp\/v2\/users\/1"}],"replies":[{"embeddable":true,"href":"https:\/\/www.frigorificosada.com.ar\/blog\/wp-json\/wp\/v2\/comments?post=810"}],"version-history":[{"count":2,"href":"https:\/\/www.frigorificosada.com.ar\/blog\/wp-json\/wp\/v2\/posts\/810\/revisions"}],"predecessor-version":[{"id":825,"href":"https:\/\/www.frigorificosada.com.ar\/blog\/wp-json\/wp\/v2\/posts\/810\/revisions\/825"}],"wp:featuredmedia":[{"embeddable":true,"href":"https:\/\/www.frigorificosada.com.ar\/blog\/wp-json\/wp\/v2\/media\/811"}],"wp:attachment":[{"href":"https:\/\/www.frigorificosada.com.ar\/blog\/wp-json\/wp\/v2\/media?parent=810"}],"wp:term":[{"taxonomy":"category","embeddable":true,"href":"https:\/\/www.frigorificosada.com.ar\/blog\/wp-json\/wp\/v2\/categories?post=810"},{"taxonomy":"post_tag","embeddable":true,"href":"https:\/\/www.frigorificosada.com.ar\/blog\/wp-json\/wp\/v2\/tags?post=810"}],"curies":[{"name":"wp","href":"https:\/\/api.w.org\/{rel}","templated":true}]}}