{"id":831,"date":"2025-07-18T11:27:05","date_gmt":"2025-07-18T14:27:05","guid":{"rendered":"https:\/\/www.frigorificosada.com.ar\/blog\/?p=831"},"modified":"2025-10-03T13:49:47","modified_gmt":"2025-10-03T16:49:47","slug":"corte-de-carne-vacio-25jlev","status":"publish","type":"post","link":"https:\/\/www.frigorificosada.com.ar\/blog\/corte-de-carne-vacio-25jlev\/","title":{"rendered":"Vac\u00edo carne: el corte preferido de los amantes del asado"},"content":{"rendered":"\n<p>El <strong>vac\u00edo<\/strong> es mucho m\u00e1s que un simple corte: es un emblema del <a href=\"https:\/\/www.frigorificosada.com.ar\/blog\/como-hacer-un-buen-asado-argentino-a-la-parrilla\/\"><strong>asado argentino<\/strong><\/a>. Presente en incontables reuniones familiares y celebraciones, este corte ha conquistado paladares por su <strong>sabor profundo<\/strong>, su <strong>textura firme<\/strong> pero jugosa y su incre\u00edble <strong>versatilidad<\/strong> a la hora de cocinarlo. Tanto a la parrilla como al horno, el <strong>vac\u00edo de vaca<\/strong> tiene un lugar privilegiado en las parrillas de todo el pa\u00eds.<\/p>\n\n\n\n<p>A la hora de elegir <a href=\"https:\/\/www.frigorificosada.com.ar\/blog\/asado-de-navidad\/\"><strong>carne para un buen asado<\/strong><\/a>, el vac\u00edo destaca por su equilibrio entre magro y grasa, lo que lo convierte en una opci\u00f3n ideal para quienes buscan una experiencia sabrosa y consistente. Su cocci\u00f3n lenta permite potenciar sus cualidades naturales y lograr un resultado tierno, jugoso y con ese sabor ahumado tan caracter\u00edstico.<\/p>\n\n\n\n<p><\/p>\n\n\n\n<div class=\"wp-block-columns alignwide cta-blog has-base-color has-primary-background-color has-text-color has-background has-link-color has-large-font-size wp-elements-e5b4e86d10220e991b7cb255d264b034 is-layout-flex wp-container-core-columns-is-layout-db27d905 wp-block-columns-is-layout-flex\" style=\"border-style:none;border-width:0px;border-radius:30px;margin-top:0;margin-bottom:0;padding-top:0;padding-right:0;padding-bottom:0;padding-left:0\">\n<div class=\"wp-block-column is-layout-flow wp-block-column-is-layout-flow\" style=\"padding-top:var(--wp--preset--spacing--30);padding-bottom:var(--wp--preset--spacing--30)\">\n<p class=\"has-text-align-center cta-text has-base-color has-text-color has-link-color has-large-font-size wp-elements-fcbf2fd70ccc738d7c2b8b0cb9500e45\" style=\"margin-top:0px;margin-right:0px;margin-bottom:0px;margin-left:0px;line-height:1.2\">\u00a1Consegu\u00ed carne vacuna, porcina y menudencias de m\u00e1xima calidad!<\/p>\n<\/div>\n\n\n\n<div class=\"wp-block-column is-layout-flow wp-block-column-is-layout-flow\" style=\"padding-top:var(--wp--preset--spacing--30);padding-bottom:var(--wp--preset--spacing--30)\">\n<div class=\"wp-block-buttons is-content-justification-center is-layout-flex wp-container-core-buttons-is-layout-a89b3969 wp-block-buttons-is-layout-flex\">\n<div class=\"wp-block-button has-custom-width wp-block-button__width-75 cta-button is-style-fill\"><a class=\"wp-block-button__link has-contrast-color has-base-background-color has-text-color has-background has-link-color has-small-font-size has-text-align-center has-custom-font-size wp-element-button\" href=\"https:\/\/www.frigorificosada.com.ar\/productos\" style=\"border-radius:20px;padding-right:0;padding-left:0\"> Conoc\u00e9 nuestros productos<\/a><\/div>\n<\/div>\n<\/div>\n<\/div>\n\n\n\n<p><\/p>\n\n\n\n<h2 class=\"wp-block-heading\">\u00bfQu\u00e9 es el vac\u00edo y qu\u00e9 parte de la vaca representa?<\/h2>\n\n\n\n<p>El <strong>vac\u00edo<\/strong> es un corte que se extrae de la <strong>parte baja del costillar<\/strong>, justo entre las costillas y la cadera del animal. Por su ubicaci\u00f3n anat\u00f3mica, esta pieza est\u00e1 rodeada de membranas y fibras musculares largas, lo que le confiere una textura particular que se vuelve muy sabrosa con una cocci\u00f3n adecuada.<\/p>\n\n\n\n<p>El <strong>vac\u00edo de ternera<\/strong> se diferencia del <strong>vac\u00edo de vaca adulta<\/strong> principalmente por su ternura y sabor. Mientras el <strong>corte vac\u00edo de ternera<\/strong> tiende a ser m\u00e1s <strong>suave<\/strong> y <strong>delicado<\/strong>, el <strong>vac\u00edo de vaca<\/strong> ofrece un gusto m\u00e1s <strong>profundo<\/strong> e <strong>intenso<\/strong>, ideal para quienes prefieren sabores m\u00e1s marcados.<\/p>\n\n\n\n<p>En otras regiones puede encontrarse como \u201c<em>flank steak<\/em>\u201d en EE.UU. o \u201c<em>bavette<\/em>\u201d en Francia. Es un corte clasificado dentro de la <a href=\"https:\/\/www.frigorificosada.com.ar\/media-res-vacuna\"><strong>carne de res<\/strong><\/a> como parte de la falda y, aunque no es el m\u00e1s blando por naturaleza, su potencial se despliega con la t\u00e9cnica correcta.<\/p>\n\n\n\n<h2 class=\"wp-block-heading\">Vac\u00edo a la parrilla: el cl\u00e1sico argentino<\/h2>\n\n\n\n<p>Preparar <strong>vac\u00edo a la parrilla<\/strong> es casi un ritual. La clave est\u00e1 en la paciencia: una cocci\u00f3n lenta, con brasa moderada, permite que el calor penetre sin resecar la carne. Para lograrlo, se recomienda <strong>colocar el vac\u00edo con el cuero hacia abajo<\/strong> durante al menos 45 minutos antes de darle la vuelta.<\/p>\n\n\n\n<p>El lado del cuero act\u00faa como barrera t\u00e9rmica, permitiendo una <strong>cocci\u00f3n progresiva<\/strong> que conserva los jugos. Tras esa primera etapa, se gira para terminar la cocci\u00f3n por el lado de la carne, dorando la superficie y aportando textura. El resultado es una pieza <strong>crocante por fuera<\/strong> y <strong>tierna por dentro<\/strong>.<\/p>\n\n\n\n<p>Evita errores como colocar la carne directamente sobre fuego fuerte, o pincharla repetidamente al darla vuelta, ya que esto hace que pierda sus jugos. El vac\u00edo pide respeto: fuego parejo, tiempo justo y la tranquilidad de saber que el resultado merecer\u00e1 la espera.<\/p>\n\n\n\n<h3 class=\"wp-block-heading\">\u00bfDe qu\u00e9 lado se pone el vac\u00edo a la parrilla?<\/h3>\n\n\n\n<p>El vac\u00edo se coloca <strong>siempre primero del lado del cuero<\/strong>. Esta t\u00e9cnica, adem\u00e1s de proteger la carne del calor directo, permite que el tejido conectivo se ablande lentamente sin que se queme.<\/p>\n\n\n\n<p>Cuando se cocina primero del lado de la carne, el riesgo es que se <strong>reseque antes de tiempo<\/strong>. Cocinarlo correctamente del lado del cuero garantiza una <strong>textura m\u00e1s tierna<\/strong> y un <strong>sabor uniforme en toda la pieza<\/strong>.<\/p>\n\n\n\n<h3 class=\"wp-block-heading\">Vac\u00edo a la parrilla: tiempo y temperatura ideales<\/h3>\n\n\n\n<p>El tiempo de cocci\u00f3n var\u00eda seg\u00fan el grosor del corte, pero como referencia general, <strong>un vac\u00edo de tama\u00f1o medio (1,5 a 2 kg) requiere entre 1 hora y 1 hora y media<\/strong>. Siempre se comienza con fuego suave, sin llamas, para evitar que se arrebate.<\/p>\n\n\n\n<p>Las <strong>brasas<\/strong> deben estar al rojo vivo pero <strong>sin fuego directo<\/strong>. Para controlar la temperatura, se puede mantener la mano a unos 10 cm de la parrilla: si no resistes m\u00e1s de 6 segundos, est\u00e1 en el punto justo. El <strong>uso de un term\u00f3metro<\/strong> tambi\u00e9n puede ayudarte a alcanzar los 65-70\u00baC en el centro de la carne para una cocci\u00f3n al punto.<\/p>\n\n\n\n<h2 class=\"wp-block-heading\">Vac\u00edo al horno: una opci\u00f3n igual de sabrosa<\/h2>\n\n\n\n<p>Aunque el <strong>vac\u00edo a la parrilla<\/strong> es el m\u00e1s conocido, su versi\u00f3n al <strong>horno<\/strong> resulta igual de deliciosa. Para <strong>preparar vac\u00edo al horno<\/strong>, conviene marinar previamente la carne con ajo, hierbas, aceite de oliva y un toque de vino tinto o cerveza negra. Luego, se cocina en una bandeja cubierta con papel aluminio para mantener la humedad.<\/p>\n\n\n\n<p>El <strong>tiempo<\/strong> y <strong>temperatura de cocci\u00f3n<\/strong> recomendados para el <strong>vac\u00edo al horno<\/strong> son: 180 \u00b0C durante 1 hora y media para un corte de 1,5 kg, retirando el papel en los \u00faltimos 20 minutos para dorar la superficie. Se puede acompa\u00f1ar con papas al romero, pimientos asados o pur\u00e9 de boniato.<\/p>\n\n\n\n<p>A diferencia de la parrilla, el horno permite un <strong>control m\u00e1s preciso del calor<\/strong>, y el resultado es una carne m\u00e1s uniforme, con sabor intenso y textura tierna si se respeta el tiempo adecuado.<\/p>\n\n\n\n<h2 class=\"wp-block-heading\">Recetas con vac\u00edo: m\u00e1s all\u00e1 del asado<\/h2>\n\n\n\n<p><\/p>\n\n\n\n<figure class=\"wp-block-image size-full is-resized\"><img loading=\"lazy\" decoding=\"async\" width=\"640\" height=\"800\" src=\"https:\/\/www.frigorificosada.com.ar\/blog\/wp-content\/uploads\/2025\/07\/recetas-con-vacio-de-vaca.jpg\" alt=\"recetas con vac\u00edo de vaca\" class=\"wp-image-834\" style=\"width:530px;height:auto\" srcset=\"https:\/\/www.frigorificosada.com.ar\/blog\/wp-content\/uploads\/2025\/07\/recetas-con-vacio-de-vaca.jpg 640w, https:\/\/www.frigorificosada.com.ar\/blog\/wp-content\/uploads\/2025\/07\/recetas-con-vacio-de-vaca-240x300.jpg 240w\" sizes=\"auto, (max-width: 640px) 100vw, 640px\" \/><\/figure>\n\n\n\n<p>La <strong>versatilidad del vac\u00edo corte de carne<\/strong> va mucho m\u00e1s all\u00e1 de la parrilla o el horno. Aqu\u00ed te dejamos algunas ideas para que explores todo su potencial y sorprendas con <strong>recetas con vac\u00edo de vaca creativas<\/strong>:<\/p>\n\n\n\n<p><\/p>\n\n\n\n<ul class=\"wp-block-list\">\n<li><strong>Vac\u00edo relleno:<\/strong> Abre la pieza en forma de libro, sin llegar a cortar del todo. Rell\u00e9nala con una mezcla de espinacas, queso provolone, jam\u00f3n serrano y pimientos asados. Brida la pieza con hilo de cocina y coc\u00ednala lentamente al horno. El resultado es un plato vistoso y lleno de sabor.<\/li>\n<\/ul>\n\n\n\n<ul class=\"wp-block-list\">\n<li><strong>Vac\u00edo mechado:<\/strong> Con un cuchillo fino, haz peque\u00f1as incisiones en la carne e introduce tiras de panceta, dientes de ajo o zanahoria. Esto aportar\u00e1 humedad y un sabor extra desde el interior durante una cocci\u00f3n lenta, ya sea en cacerola o al horno.<\/li>\n<\/ul>\n\n\n\n<ul class=\"wp-block-list\">\n<li><strong>Tiras de vac\u00edo salteadas:<\/strong> Si tienes un trozo de vac\u00edo ternera, c\u00f3rtalo en tiras finas en contra de la fibra. Mar\u00ednalas con salsa de soja, jengibre y ajo, y salt\u00e9alas a fuego fuerte en un wok o sart\u00e9n con verduras frescas como br\u00f3coli, pimiento y cebolla. Una cena r\u00e1pida, saludable y exquisita.<\/li>\n<\/ul>\n\n\n\n<p>Para acompa\u00f1ar, un vino tinto con cuerpo como un Malbec argentino (haciendo un gui\u00f1o a sus or\u00edgenes) o un Rioja Crianza espa\u00f1ol son siempre una apuesta segura.<\/p>\n\n\n\n<h2 class=\"wp-block-heading\">\u00bfCu\u00e1nto pesa un vac\u00edo entero y c\u00f3mo elegir uno bueno?<\/h2>\n\n\n\n<p><strong>Cu\u00e1nto pesa un vac\u00edo de vaca<\/strong> es una pregunta frecuente entre quienes planifican sus asados. Un <strong>vac\u00edo entero de vaca<\/strong> t\u00edpicamente pesa entre <strong>2,5 y 4 kilogramos<\/strong>, dependiendo del tama\u00f1o del animal y el corte espec\u00edfico. El <strong>vac\u00edo de ternera<\/strong>, por su parte, suele pesar entre <strong>1,5 y 2,5 kilogramos<\/strong>. Estas medidas son orientativas, ya que pueden variar seg\u00fan la raza del animal y las <a href=\"https:\/\/www.frigorificosada.com.ar\/servicios\"><strong>t\u00e9cnicas de corte del frigor\u00edfico<\/strong><\/a>.<\/p>\n\n\n\n<p>Para <strong>elegir un buen vac\u00edo<\/strong>, es fundamental observar el <strong>marmoleo<\/strong>: las vetas de grasa intramuscular deben estar bien distribuidas, creando un patr\u00f3n similar al m\u00e1rmol. El <strong>color<\/strong> debe ser rojo intenso, sin tonalidades pardas o verdosas que indiquen falta de frescura. La <strong>textura<\/strong> debe sentirse firme al tacto, sin zonas blandas o pegajosas.<\/p>\n\n\n\n<p>La decisi\u00f3n entre <strong>vac\u00edo con cuero o sin cuero<\/strong> depende del m\u00e9todo de cocci\u00f3n. Para la parrilla, el vac\u00edo con cuero es preferible por las razones ya mencionadas, mientras que para preparaciones al horno o en sart\u00e9n, el vac\u00edo sin cuero puede ser m\u00e1s pr\u00e1ctico. El <strong>grosor ideal<\/strong> oscila entre <strong>4 y 6 cent\u00edmetros<\/strong>, garantizando una cocci\u00f3n uniforme sin riesgo de que se seque.<\/p>\n\n\n\n<h2 class=\"wp-block-heading\">Preguntas frecuentes sobre el vac\u00edo<\/h2>\n\n\n\n<h3 class=\"wp-block-heading\">\u00bfQu\u00e9 pieza de la vaca es el vac\u00edo?<\/h3>\n\n\n\n<p>El <strong>vac\u00edo<\/strong> es un <strong>corte<\/strong> que <strong>proviene de la falda de la vaca<\/strong>. Anat\u00f3micamente, es el m\u00fasculo que se ubica en la pared lateral del abdomen, entre las costillas inferiores y los huecos de la cadera.<\/p>\n\n\n\n<h3 class=\"wp-block-heading\">\u00bfQu\u00e9 corte es vac\u00edo en Argentina?<\/h3>\n\n\n\n<p>En Argentina, <strong>\u201cvac\u00edo\u201d<\/strong> es el nombre propio y tradicional de este corte. No es un sin\u00f3nimo de otro corte, sino la <strong>denominaci\u00f3n espec\u00edfica de esta pieza<\/strong>. En otros pa\u00edses, se pueden encontrar cortes similares en la misma zona anat\u00f3mica, como la <em>bavette<\/em> en Francia o el <em>flank steak<\/em> y el <em>sirloin flap<\/em> en el mercado anglosaj\u00f3n, aunque cada uno tiene sus particularidades.<\/p>\n\n\n\n<h3 class=\"wp-block-heading\">\u00bfQu\u00e9 es m\u00e1s tierno, vac\u00edo o entra\u00f1a?<\/h3>\n\n\n\n<p>Ambos son cortes exquisitos, pero tienen texturas diferentes. La <a href=\"https:\/\/www.frigorificosada.com.ar\/blog\/entrana-que-es-en-que-parte-de-la-vaca-se-encuentra-y-como-cocinarla\/\"><strong>entra\u00f1a<\/strong><\/a> es un m\u00fasculo fino (el diafragma) que, si se cocina r\u00e1pido y a fuego fuerte, resulta extremadamente tierna y sabrosa, aunque puede ser algo chiclosa si se pasa de cocci\u00f3n. El <strong>vac\u00edo<\/strong>, por su parte, es m\u00e1s grueso y tiene una textura \u00fanica: es tierno pero con m\u00e1s \u201cmordida\u201d, una fibrosidad que muchos amantes de la carne adoran. La <strong>entra\u00f1a<\/strong> es ideal para una <strong>parrillada r\u00e1pida<\/strong>, mientras que el <strong>vac\u00edo<\/strong> agradece una <strong>cocci\u00f3n m\u00e1s lenta y pausada<\/strong>.<\/p>\n\n\n\n<p><\/p>\n\n\n\n<div class=\"wp-block-columns alignwide cta-blog has-base-color has-primary-background-color has-text-color has-background has-link-color has-large-font-size wp-elements-e5b4e86d10220e991b7cb255d264b034 is-layout-flex wp-container-core-columns-is-layout-db27d905 wp-block-columns-is-layout-flex\" style=\"border-style:none;border-width:0px;border-radius:30px;margin-top:0;margin-bottom:0;padding-top:0;padding-right:0;padding-bottom:0;padding-left:0\">\n<div class=\"wp-block-column is-layout-flow wp-block-column-is-layout-flow\" style=\"padding-top:var(--wp--preset--spacing--30);padding-bottom:var(--wp--preset--spacing--30)\">\n<p class=\"has-text-align-center cta-text has-base-color has-text-color has-link-color has-large-font-size wp-elements-fcbf2fd70ccc738d7c2b8b0cb9500e45\" style=\"margin-top:0px;margin-right:0px;margin-bottom:0px;margin-left:0px;line-height:1.2\">\u00a1Consegu\u00ed carne vacuna, porcina y menudencias de m\u00e1xima calidad!<\/p>\n<\/div>\n\n\n\n<div class=\"wp-block-column is-layout-flow wp-block-column-is-layout-flow\" style=\"padding-top:var(--wp--preset--spacing--30);padding-bottom:var(--wp--preset--spacing--30)\">\n<div class=\"wp-block-buttons is-content-justification-center is-layout-flex wp-container-core-buttons-is-layout-a89b3969 wp-block-buttons-is-layout-flex\">\n<div class=\"wp-block-button has-custom-width wp-block-button__width-75 cta-button is-style-fill\"><a class=\"wp-block-button__link has-contrast-color has-base-background-color has-text-color has-background has-link-color has-small-font-size has-text-align-center has-custom-font-size wp-element-button\" href=\"https:\/\/www.frigorificosada.com.ar\/productos\" style=\"border-radius:20px;padding-right:0;padding-left:0\"> Conoc\u00e9 nuestros productos<\/a><\/div>\n<\/div>\n<\/div>\n<\/div>\n\n\n\n<p><\/p>\n\n\n\n<h2 class=\"wp-block-heading\">Conclusiones<\/h2>\n\n\n\n<p>El <strong>vac\u00edo<\/strong> es mucho m\u00e1s que un simple trozo de carne: es un corte con historia, car\u00e1cter y un sabor que enamora. Desde su papel estelar en los asados hasta su sorprendente versatilidad en recetas de horno y sart\u00e9n, el vac\u00edo se ha ganado a pulso su lugar en el podio de los <a href=\"https:\/\/www.frigorificosada.com.ar\/carne-bovina\"><strong>cortes de carne de vacuno<\/strong><\/a> m\u00e1s apreciados.<\/p>\n\n\n\n<p>Su combinaci\u00f3n \u00fanica de <strong>sabor intenso<\/strong> y <strong>textura jugosa<\/strong> lo convierte en una elecci\u00f3n segura para cualquier ocasi\u00f3n. Ya sea que te decantes por el <strong>cl\u00e1sico vac\u00edo a la parrilla<\/strong> o te animes a probarlo al horno, el resultado siempre ser\u00e1 un fest\u00edn para los sentidos.<\/p>\n\n\n\n<p>Te invitamos a descubrir la calidad excepcional de nuestros cortes en <a href=\"https:\/\/www.frigorificosada.com.ar\/\"><strong>Frigorifico SADA<\/strong><\/a>. Y si te quedaste con ganas de m\u00e1s, no dejes de seguir nuestro blog para encontrar nuevas recetas e inspiraci\u00f3n para tus pr\u00f3ximas comidas. \u00a1Animate a cocinar el vac\u00edo y convert\u00ed cualquier d\u00eda en una celebraci\u00f3n!<\/p>\n\n\n\n<h3 class=\"wp-block-heading\">\u00a1En Frigorifico SADA est\u00e1 la mejor carne!<\/h3>\n\n\n\n<p>Somos <a href=\"https:\/\/www.frigorificosada.com.ar\/\"><strong>proveedores de carne argentina<\/strong><\/a> por mayor y menor con m\u00e1s de 20 a\u00f1os de experiencia en la regi\u00f3n de Buenos Aires. Nos destacamos por contar con <strong>producci\u00f3n propia<\/strong> y por <strong><a href=\"https:\/\/www.frigorificosada.com.ar\/blog\/proveedores-de-carne-para-restaurantes-25ocmo\/\">distribuir carne a diversos establecimientos como restaurantes<\/a><\/strong>, supermercados, carnicer\u00edas, f\u00e1bricas de embutidos, frigor\u00edficos y distribuidores externos.<\/p>\n\n\n\n<p>Si est\u00e1s buscando un distribuidor confiable, o necesit\u00e1s comprar carne de cualquier tipo de corte, <strong>Frigorifico SADA<\/strong> es la elecci\u00f3n ideal. Nuestra planta frigor\u00edfica principal se encuentra en <a href=\"https:\/\/goo.gl\/maps\/Zqw115p58YTZrWDG9\"><strong>San Antonio de Areco, en la calle Guiraldes 671<\/strong><\/a>, a aproximadamente 100 kil\u00f3metros de la ciudad de Buenos Aires. Adem\u00e1s, tambi\u00e9n se pueden contactar con nuestras <a href=\"https:\/\/www.frigorificosada.com.ar\/sucursales\"><strong>sucursales de carnicer\u00eda<\/strong><\/a> ubicadas en San Miguel y Pilar, tambi\u00e9n en Buenos Aires.<\/p>\n\n\n\n<p>Tambi\u00e9n pod\u00e9s llamar al n\u00famero (2326) 456-479 o enviar un <a href=\"https:\/\/api.whatsapp.com\/send\/?phone=5491126999598\"><strong>mensaje a trav\u00e9s de WhatsApp<\/strong><\/a>. Independientemente del medio que elijas, vas a recibir una <strong>respuesta inmediata<\/strong> por parte de nuestros asesores comerciales.<\/p>\n\n\n\n<p><\/p>\n","protected":false},"excerpt":{"rendered":"<p>El vac\u00edo es mucho m\u00e1s que un simple corte: es un emblema del asado argentino. Presente en incontables reuniones familiares y celebraciones, este corte ha conquistado paladares por su sabor profundo, su textura firme pero jugosa y su incre\u00edble versatilidad a la hora de cocinarlo. Tanto a la parrilla como al horno, el vac\u00edo de [&hellip;]<\/p>\n","protected":false},"author":1,"featured_media":835,"comment_status":"open","ping_status":"closed","sticky":false,"template":"","format":"standard","meta":{"footnotes":""},"categories":[22,20,19],"tags":[52,43,50,45,49,53,41,48,38,40,39,42,44,55,46,51,47,54],"class_list":["post-831","post","type-post","status-publish","format-standard","has-post-thumbnail","hentry","category-consejos","category-cortes-de-carne-vacuna","category-recetas","tag-corte-vacio-de-ternera","tag-cuanto-pesa-un-vacio-de-vaca","tag-cuanto-pesa-un-vacio-entero-de-vaca","tag-de-que-lado-se-pone-el-vacio-a-la-parrilla","tag-que-es-el-vacio-carne","tag-que-es-el-vacio-de-ternera","tag-que-parte-de-la-vaca-es-el-vacio","tag-recetas-con-vacio-de-vaca","tag-vacio-a-la-parrilla","tag-vacio-a-la-parrilla-tiempo","tag-vacio-al-horno-tiempo-y-temperatura","tag-vacio-carne","tag-vacio-carne-que-parte-es","tag-vacio-de-ternera","tag-vacio-de-vaca","tag-vacio-parte-de-la-vaca","tag-vacio-que-parte-de-la-vaca-es","tag-vacio-ternera"],"yoast_head":"<!-- This site is optimized with the Yoast SEO plugin v24.9 - https:\/\/yoast.com\/wordpress\/plugins\/seo\/ -->\n<title>Vac\u00edo: El corte de carne ideal para tu parrilla y horno<\/title>\n<meta name=\"description\" content=\"\u00bfAmante de la buena carne argentina? Aprend\u00e9 ac\u00e1 qu\u00e9 parte de la vaca es el vac\u00edo, c\u00f3mo lograr una cocci\u00f3n perfecta y las mejores recetas.\" \/>\n<meta name=\"robots\" content=\"index, follow, max-snippet:-1, max-image-preview:large, max-video-preview:-1\" \/>\n<link rel=\"canonical\" href=\"https:\/\/www.frigorificosada.com.ar\/blog\/corte-de-carne-vacio-25jlev\/\" \/>\n<meta property=\"og:locale\" content=\"es_ES\" \/>\n<meta property=\"og:type\" content=\"article\" \/>\n<meta property=\"og:title\" content=\"Vac\u00edo: El corte de carne ideal para tu parrilla y horno\" \/>\n<meta property=\"og:description\" content=\"\u00bfAmante de la buena carne argentina? Aprend\u00e9 ac\u00e1 qu\u00e9 parte de la vaca es el vac\u00edo, c\u00f3mo lograr una cocci\u00f3n perfecta y las mejores recetas.\" \/>\n<meta property=\"og:url\" content=\"https:\/\/www.frigorificosada.com.ar\/blog\/corte-de-carne-vacio-25jlev\/\" \/>\n<meta property=\"og:site_name\" content=\"Blog Frigor\u00edfico SADA\" \/>\n<meta property=\"article:published_time\" content=\"2025-07-18T14:27:05+00:00\" \/>\n<meta property=\"article:modified_time\" content=\"2025-10-03T16:49:47+00:00\" \/>\n<meta property=\"og:image\" content=\"https:\/\/www.frigorificosada.com.ar\/blog\/wp-content\/uploads\/2025\/07\/vacio-de-vaca.jpg\" \/>\n\t<meta property=\"og:image:width\" content=\"1200\" \/>\n\t<meta property=\"og:image:height\" content=\"801\" \/>\n\t<meta property=\"og:image:type\" content=\"image\/jpeg\" \/>\n<meta name=\"author\" content=\"Frigorifico SADA\" \/>\n<meta name=\"twitter:card\" content=\"summary_large_image\" \/>\n<meta name=\"twitter:label1\" content=\"Escrito por\" \/>\n\t<meta name=\"twitter:data1\" content=\"Frigorifico SADA\" \/>\n\t<meta name=\"twitter:label2\" content=\"Tiempo de lectura\" \/>\n\t<meta name=\"twitter:data2\" content=\"9 minutos\" \/>\n<script type=\"application\/ld+json\" class=\"yoast-schema-graph\">{\"@context\":\"https:\/\/schema.org\",\"@graph\":[{\"@type\":\"WebPage\",\"@id\":\"https:\/\/www.frigorificosada.com.ar\/blog\/corte-de-carne-vacio-25jlev\/\",\"url\":\"https:\/\/www.frigorificosada.com.ar\/blog\/corte-de-carne-vacio-25jlev\/\",\"name\":\"Vac\u00edo: El corte de carne ideal para tu parrilla y horno\",\"isPartOf\":{\"@id\":\"https:\/\/www.frigorificosada.com.ar\/blog\/#website\"},\"primaryImageOfPage\":{\"@id\":\"https:\/\/www.frigorificosada.com.ar\/blog\/corte-de-carne-vacio-25jlev\/#primaryimage\"},\"image\":{\"@id\":\"https:\/\/www.frigorificosada.com.ar\/blog\/corte-de-carne-vacio-25jlev\/#primaryimage\"},\"thumbnailUrl\":\"https:\/\/www.frigorificosada.com.ar\/blog\/wp-content\/uploads\/2025\/07\/vacio-de-vaca.jpg\",\"datePublished\":\"2025-07-18T14:27:05+00:00\",\"dateModified\":\"2025-10-03T16:49:47+00:00\",\"author\":{\"@id\":\"https:\/\/www.frigorificosada.com.ar\/blog\/#\/schema\/person\/592d6ec3700a98a73085231129bcb8aa\"},\"description\":\"\u00bfAmante de la buena carne argentina? Aprend\u00e9 ac\u00e1 qu\u00e9 parte de la vaca es el vac\u00edo, c\u00f3mo lograr una cocci\u00f3n perfecta y las mejores recetas.\",\"breadcrumb\":{\"@id\":\"https:\/\/www.frigorificosada.com.ar\/blog\/corte-de-carne-vacio-25jlev\/#breadcrumb\"},\"inLanguage\":\"es-AR\",\"potentialAction\":[{\"@type\":\"ReadAction\",\"target\":[\"https:\/\/www.frigorificosada.com.ar\/blog\/corte-de-carne-vacio-25jlev\/\"]}]},{\"@type\":\"ImageObject\",\"inLanguage\":\"es-AR\",\"@id\":\"https:\/\/www.frigorificosada.com.ar\/blog\/corte-de-carne-vacio-25jlev\/#primaryimage\",\"url\":\"https:\/\/www.frigorificosada.com.ar\/blog\/wp-content\/uploads\/2025\/07\/vacio-de-vaca.jpg\",\"contentUrl\":\"https:\/\/www.frigorificosada.com.ar\/blog\/wp-content\/uploads\/2025\/07\/vacio-de-vaca.jpg\",\"width\":1200,\"height\":801,\"caption\":\"vacio de vaca\"},{\"@type\":\"BreadcrumbList\",\"@id\":\"https:\/\/www.frigorificosada.com.ar\/blog\/corte-de-carne-vacio-25jlev\/#breadcrumb\",\"itemListElement\":[{\"@type\":\"ListItem\",\"position\":1,\"name\":\"Inicio\",\"item\":\"https:\/\/www.frigorificosada.com.ar\/blog\/\"},{\"@type\":\"ListItem\",\"position\":2,\"name\":\"Vac\u00edo carne: el corte preferido de los amantes del asado\"}]},{\"@type\":\"WebSite\",\"@id\":\"https:\/\/www.frigorificosada.com.ar\/blog\/#website\",\"url\":\"https:\/\/www.frigorificosada.com.ar\/blog\/\",\"name\":\"Blog Frigor\u00edfico SADA\",\"description\":\"\",\"potentialAction\":[{\"@type\":\"SearchAction\",\"target\":{\"@type\":\"EntryPoint\",\"urlTemplate\":\"https:\/\/www.frigorificosada.com.ar\/blog\/?s={search_term_string}\"},\"query-input\":{\"@type\":\"PropertyValueSpecification\",\"valueRequired\":true,\"valueName\":\"search_term_string\"}}],\"inLanguage\":\"es-AR\"},{\"@type\":\"Person\",\"@id\":\"https:\/\/www.frigorificosada.com.ar\/blog\/#\/schema\/person\/592d6ec3700a98a73085231129bcb8aa\",\"name\":\"Frigorifico SADA\",\"image\":{\"@type\":\"ImageObject\",\"inLanguage\":\"es-AR\",\"@id\":\"https:\/\/www.frigorificosada.com.ar\/blog\/#\/schema\/person\/image\/\",\"url\":\"https:\/\/secure.gravatar.com\/avatar\/4728df3565db59c318d31518356a084c41daf02ae0f665ce2549db75fe59ae55?s=96&d=mm&r=g\",\"contentUrl\":\"https:\/\/secure.gravatar.com\/avatar\/4728df3565db59c318d31518356a084c41daf02ae0f665ce2549db75fe59ae55?s=96&d=mm&r=g\",\"caption\":\"Frigorifico SADA\"},\"sameAs\":[\"https:\/\/www.frigorificosada.com.ar\/blog\"],\"url\":\"https:\/\/www.frigorificosada.com.ar\/blog\/author\/mdmarketing\/\"}]}<\/script>\n<!-- \/ Yoast SEO plugin. -->","yoast_head_json":{"title":"Vac\u00edo: El corte de carne ideal para tu parrilla y horno","description":"\u00bfAmante de la buena carne argentina? Aprend\u00e9 ac\u00e1 qu\u00e9 parte de la vaca es el vac\u00edo, c\u00f3mo lograr una cocci\u00f3n perfecta y las mejores recetas.","robots":{"index":"index","follow":"follow","max-snippet":"max-snippet:-1","max-image-preview":"max-image-preview:large","max-video-preview":"max-video-preview:-1"},"canonical":"https:\/\/www.frigorificosada.com.ar\/blog\/corte-de-carne-vacio-25jlev\/","og_locale":"es_ES","og_type":"article","og_title":"Vac\u00edo: El corte de carne ideal para tu parrilla y horno","og_description":"\u00bfAmante de la buena carne argentina? Aprend\u00e9 ac\u00e1 qu\u00e9 parte de la vaca es el vac\u00edo, c\u00f3mo lograr una cocci\u00f3n perfecta y las mejores recetas.","og_url":"https:\/\/www.frigorificosada.com.ar\/blog\/corte-de-carne-vacio-25jlev\/","og_site_name":"Blog Frigor\u00edfico SADA","article_published_time":"2025-07-18T14:27:05+00:00","article_modified_time":"2025-10-03T16:49:47+00:00","og_image":[{"width":1200,"height":801,"url":"https:\/\/www.frigorificosada.com.ar\/blog\/wp-content\/uploads\/2025\/07\/vacio-de-vaca.jpg","type":"image\/jpeg"}],"author":"Frigorifico SADA","twitter_card":"summary_large_image","twitter_misc":{"Escrito por":"Frigorifico SADA","Tiempo de lectura":"9 minutos"},"schema":{"@context":"https:\/\/schema.org","@graph":[{"@type":"WebPage","@id":"https:\/\/www.frigorificosada.com.ar\/blog\/corte-de-carne-vacio-25jlev\/","url":"https:\/\/www.frigorificosada.com.ar\/blog\/corte-de-carne-vacio-25jlev\/","name":"Vac\u00edo: El corte de carne ideal para tu parrilla y horno","isPartOf":{"@id":"https:\/\/www.frigorificosada.com.ar\/blog\/#website"},"primaryImageOfPage":{"@id":"https:\/\/www.frigorificosada.com.ar\/blog\/corte-de-carne-vacio-25jlev\/#primaryimage"},"image":{"@id":"https:\/\/www.frigorificosada.com.ar\/blog\/corte-de-carne-vacio-25jlev\/#primaryimage"},"thumbnailUrl":"https:\/\/www.frigorificosada.com.ar\/blog\/wp-content\/uploads\/2025\/07\/vacio-de-vaca.jpg","datePublished":"2025-07-18T14:27:05+00:00","dateModified":"2025-10-03T16:49:47+00:00","author":{"@id":"https:\/\/www.frigorificosada.com.ar\/blog\/#\/schema\/person\/592d6ec3700a98a73085231129bcb8aa"},"description":"\u00bfAmante de la buena carne argentina? Aprend\u00e9 ac\u00e1 qu\u00e9 parte de la vaca es el vac\u00edo, c\u00f3mo lograr una cocci\u00f3n perfecta y las mejores recetas.","breadcrumb":{"@id":"https:\/\/www.frigorificosada.com.ar\/blog\/corte-de-carne-vacio-25jlev\/#breadcrumb"},"inLanguage":"es-AR","potentialAction":[{"@type":"ReadAction","target":["https:\/\/www.frigorificosada.com.ar\/blog\/corte-de-carne-vacio-25jlev\/"]}]},{"@type":"ImageObject","inLanguage":"es-AR","@id":"https:\/\/www.frigorificosada.com.ar\/blog\/corte-de-carne-vacio-25jlev\/#primaryimage","url":"https:\/\/www.frigorificosada.com.ar\/blog\/wp-content\/uploads\/2025\/07\/vacio-de-vaca.jpg","contentUrl":"https:\/\/www.frigorificosada.com.ar\/blog\/wp-content\/uploads\/2025\/07\/vacio-de-vaca.jpg","width":1200,"height":801,"caption":"vacio de vaca"},{"@type":"BreadcrumbList","@id":"https:\/\/www.frigorificosada.com.ar\/blog\/corte-de-carne-vacio-25jlev\/#breadcrumb","itemListElement":[{"@type":"ListItem","position":1,"name":"Inicio","item":"https:\/\/www.frigorificosada.com.ar\/blog\/"},{"@type":"ListItem","position":2,"name":"Vac\u00edo carne: el corte preferido de los amantes del asado"}]},{"@type":"WebSite","@id":"https:\/\/www.frigorificosada.com.ar\/blog\/#website","url":"https:\/\/www.frigorificosada.com.ar\/blog\/","name":"Blog Frigor\u00edfico SADA","description":"","potentialAction":[{"@type":"SearchAction","target":{"@type":"EntryPoint","urlTemplate":"https:\/\/www.frigorificosada.com.ar\/blog\/?s={search_term_string}"},"query-input":{"@type":"PropertyValueSpecification","valueRequired":true,"valueName":"search_term_string"}}],"inLanguage":"es-AR"},{"@type":"Person","@id":"https:\/\/www.frigorificosada.com.ar\/blog\/#\/schema\/person\/592d6ec3700a98a73085231129bcb8aa","name":"Frigorifico SADA","image":{"@type":"ImageObject","inLanguage":"es-AR","@id":"https:\/\/www.frigorificosada.com.ar\/blog\/#\/schema\/person\/image\/","url":"https:\/\/secure.gravatar.com\/avatar\/4728df3565db59c318d31518356a084c41daf02ae0f665ce2549db75fe59ae55?s=96&d=mm&r=g","contentUrl":"https:\/\/secure.gravatar.com\/avatar\/4728df3565db59c318d31518356a084c41daf02ae0f665ce2549db75fe59ae55?s=96&d=mm&r=g","caption":"Frigorifico SADA"},"sameAs":["https:\/\/www.frigorificosada.com.ar\/blog"],"url":"https:\/\/www.frigorificosada.com.ar\/blog\/author\/mdmarketing\/"}]}},"_links":{"self":[{"href":"https:\/\/www.frigorificosada.com.ar\/blog\/wp-json\/wp\/v2\/posts\/831","targetHints":{"allow":["GET"]}}],"collection":[{"href":"https:\/\/www.frigorificosada.com.ar\/blog\/wp-json\/wp\/v2\/posts"}],"about":[{"href":"https:\/\/www.frigorificosada.com.ar\/blog\/wp-json\/wp\/v2\/types\/post"}],"author":[{"embeddable":true,"href":"https:\/\/www.frigorificosada.com.ar\/blog\/wp-json\/wp\/v2\/users\/1"}],"replies":[{"embeddable":true,"href":"https:\/\/www.frigorificosada.com.ar\/blog\/wp-json\/wp\/v2\/comments?post=831"}],"version-history":[{"count":3,"href":"https:\/\/www.frigorificosada.com.ar\/blog\/wp-json\/wp\/v2\/posts\/831\/revisions"}],"predecessor-version":[{"id":889,"href":"https:\/\/www.frigorificosada.com.ar\/blog\/wp-json\/wp\/v2\/posts\/831\/revisions\/889"}],"wp:featuredmedia":[{"embeddable":true,"href":"https:\/\/www.frigorificosada.com.ar\/blog\/wp-json\/wp\/v2\/media\/835"}],"wp:attachment":[{"href":"https:\/\/www.frigorificosada.com.ar\/blog\/wp-json\/wp\/v2\/media?parent=831"}],"wp:term":[{"taxonomy":"category","embeddable":true,"href":"https:\/\/www.frigorificosada.com.ar\/blog\/wp-json\/wp\/v2\/categories?post=831"},{"taxonomy":"post_tag","embeddable":true,"href":"https:\/\/www.frigorificosada.com.ar\/blog\/wp-json\/wp\/v2\/tags?post=831"}],"curies":[{"name":"wp","href":"https:\/\/api.w.org\/{rel}","templated":true}]}}