{"id":860,"date":"2025-09-05T08:00:07","date_gmt":"2025-09-05T11:00:07","guid":{"rendered":"https:\/\/www.frigorificosada.com.ar\/blog\/?p=860"},"modified":"2026-03-02T10:47:59","modified_gmt":"2026-03-02T13:47:59","slug":"que-corte-es-la-palomita-25spev","status":"publish","type":"post","link":"https:\/\/www.frigorificosada.com.ar\/blog\/que-corte-es-la-palomita-25spev\/","title":{"rendered":"\u00bfQu\u00e9 es la palomita y por qu\u00e9 deber\u00edas probar este corte?"},"content":{"rendered":"\n<p>En el extenso universo de los <a href=\"https:\/\/www.frigorificosada.com.ar\/blog\/cortes-de-carne-vacuna\/\"><strong>cortes de carne vacuna<\/strong><\/a>, algunos son protagonistas indiscutidos (como el <a href=\"https:\/\/www.frigorificosada.com.ar\/blog\/como-hacer-un-asado-guia-del-asador-los-14-mejores-cortes-de-carne-para-asar\/\"><strong>asado<\/strong><\/a>, el <a href=\"https:\/\/www.frigorificosada.com.ar\/blog\/que-corte-es-el-bife-de-chorizo-por-que-se-llama-asi-y-como-se-cocina\/\"><strong>bife de chorizo<\/strong><\/a> o el lomo) y otros permanecen en un discreto segundo plano, esperando a ser descubiertos por los amantes de la buena cocina. La <strong>palomita<\/strong> pertenece a este segundo grupo: un corte poco conocido, pero que sorprende por su versatilidad, sabor y ternura.<\/p>\n\n\n\n<p>En este art\u00edculo conocer\u00e1s <strong>qu\u00e9 parte de la vaca es la palomita<\/strong>, <strong>para qu\u00e9 sirve<\/strong>, <strong>cu\u00e1les son las mejores formas de cocinarla<\/strong>, y por qu\u00e9 deber\u00edas animarte a incorporarla en tus men\u00fas.<\/p>\n\n\n\n<p><\/p>\n\n\n\n<div class=\"wp-block-columns alignwide cta-blog has-base-color has-primary-background-color has-text-color has-background has-link-color has-large-font-size wp-elements-e5b4e86d10220e991b7cb255d264b034 is-layout-flex wp-container-core-columns-is-layout-db27d905 wp-block-columns-is-layout-flex\" style=\"border-style:none;border-width:0px;border-radius:30px;margin-top:0;margin-bottom:0;padding-top:0;padding-right:0;padding-bottom:0;padding-left:0\">\n<div class=\"wp-block-column is-layout-flow wp-block-column-is-layout-flow\" style=\"padding-top:var(--wp--preset--spacing--30);padding-bottom:var(--wp--preset--spacing--30)\">\n<p class=\"has-text-align-center cta-text has-base-color has-text-color has-link-color has-large-font-size wp-elements-fcbf2fd70ccc738d7c2b8b0cb9500e45\" style=\"margin-top:0px;margin-right:0px;margin-bottom:0px;margin-left:0px;line-height:1.2\">\u00a1Consegu\u00ed carne vacuna, porcina y menudencias de m\u00e1xima calidad!<\/p>\n<\/div>\n\n\n\n<div class=\"wp-block-column is-layout-flow wp-block-column-is-layout-flow\" style=\"padding-top:var(--wp--preset--spacing--30);padding-bottom:var(--wp--preset--spacing--30)\">\n<div class=\"wp-block-buttons is-content-justification-center is-layout-flex wp-container-core-buttons-is-layout-a89b3969 wp-block-buttons-is-layout-flex\">\n<div class=\"wp-block-button has-custom-width wp-block-button__width-75 cta-button is-style-fill\"><a class=\"wp-block-button__link has-contrast-color has-base-background-color has-text-color has-background has-link-color has-small-font-size has-text-align-center has-custom-font-size wp-element-button\" href=\"https:\/\/www.frigorificosada.com.ar\/productos\" style=\"border-radius:20px;padding-right:0;padding-left:0\"> Conoc\u00e9 nuestros productos<\/a><\/div>\n<\/div>\n<\/div>\n<\/div>\n\n\n\n<p><\/p>\n\n\n\n<h2 class=\"wp-block-heading\">\u00bfQu\u00e9 parte de la vaca es la palomita?<\/h2>\n\n\n\n<p>La <strong>carne palomita<\/strong> proviene del <strong><a href=\"https:\/\/www.frigorificosada.com.ar\/blog\/cuarto-delantero-y-cuarto-trasero-25mzev\/\">cuarto delantero<\/a><\/strong> del animal, m\u00e1s precisamente de la regi\u00f3n cercana a la paleta o el hombro. Est\u00e1 ubicada en el <strong>cuarto delantero<\/strong>, entre el hueso de la esc\u00e1pula y el pecho, y forma parte del conjunto de cortes conocidos como cortes del delantero.<\/p>\n\n\n\n<p>Este corte se caracteriza por su <strong>forma ligeramente ovalada y compacta<\/strong>, con fibras finas y una moderada cantidad de grasa infiltrada que aporta jugosidad al cocinarla.<\/p>\n\n\n\n<p>En Argentina, es habitual que se la conozca simplemente como \u201cpalomita\u201d, aunque en otras regiones puede recibir nombres diferentes o incluso confundirse con cortes como la <strong>tortuguita<\/strong> o la <strong>marucha<\/strong>. No obstante, su estructura y sabor son \u00fanicos.<\/p>\n\n\n\n<p>En frigor\u00edficos y <a href=\"https:\/\/www.frigorificosada.com.ar\/sucursales\"><strong>carnicer\u00edas<\/strong><\/a>, la palomita se presenta entera, lista para cocinar al horno, a la cacerola o incluso para rellenar, lo que la hace muy apreciada por quienes buscan carne rendidora y sabrosa.<\/p>\n\n\n\n<h2 class=\"wp-block-heading\">\u00bfPara qu\u00e9 sirve el corte de carne palomita?<\/h2>\n\n\n\n<p>La palomita es sumamente <strong>vers\u00e1til<\/strong> y puede adaptarse a m\u00faltiples preparaciones. Tradicionalmente, se la utiliza en <strong>guisos<\/strong>, <strong>estofados<\/strong> y <strong>carnes a la cacerola<\/strong>, ya que su fibra fina y su jugosidad soportan muy bien las cocciones prolongadas.<\/p>\n\n\n\n<p>Su <strong>bajo contenido graso<\/strong> la convierte en una opci\u00f3n interesante para dietas equilibradas y men\u00fas familiares, ya que permite obtener platos sabrosos sin un exceso de calor\u00edas. Tambi\u00e9n es ideal para quienes prefieren cortes m\u00e1s magros pero sin perder sabor.<\/p>\n\n\n\n<p>Entre sus usos m\u00e1s comunes se encuentran:<\/p>\n\n\n\n<ul class=\"wp-block-list\">\n<li>Guisos criollos con vegetales y condimentos.<\/li>\n<\/ul>\n\n\n\n<ul class=\"wp-block-list\">\n<li>Palomita rellena y cocida al horno.<\/li>\n<\/ul>\n\n\n\n<ul class=\"wp-block-list\">\n<li>Carne mechada con salsas.<\/li>\n<\/ul>\n\n\n\n<ul class=\"wp-block-list\">\n<li>Estofados con vino tinto o caldo.<\/li>\n<\/ul>\n\n\n\n<h2 class=\"wp-block-heading\">C\u00f3mo cocinar palomita para que quede bien tierna<\/h2>\n\n\n\n<p>Para aprovechar al m\u00e1ximo este corte, es importante optar por m\u00e9todos que favorezcan la cocci\u00f3n lenta y el ablandamiento de sus fibras. Las t\u00e9cnicas m\u00e1s recomendadas son:<\/p>\n\n\n\n<ul class=\"wp-block-list\">\n<li><strong>Al horno:<\/strong> a temperatura media-baja, durante 1,5 a 2 horas, cubierta con papel aluminio para retener la humedad.<\/li>\n<\/ul>\n\n\n\n<ul class=\"wp-block-list\">\n<li><strong>A la cacerola:<\/strong> dorando primero la carne y luego cocin\u00e1ndola en l\u00edquido (caldo o vino) por 1,5 horas.<\/li>\n<\/ul>\n\n\n\n<ul class=\"wp-block-list\">\n<li><strong>A presi\u00f3n:<\/strong> ideal para ahorrar tiempo, logrando ternura en 45 a 50 minutos.<\/li>\n<\/ul>\n\n\n\n<p><strong>Truco para tiernizar la palomita:<\/strong> marinarla previamente en vino tinto con hierbas, o bien en aceite de oliva con especias, durante al menos 4 horas.<\/p>\n\n\n\n<h3 class=\"wp-block-heading\">\u00bfSe puede hacer vitel ton\u00e9 con palomita?<\/h3>\n\n\n\n<p><strong>Hacer vitel tone con palomita<\/strong> representa una interesante variaci\u00f3n de la receta cl\u00e1sica que tradicionalmente utiliza <strong>peceto<\/strong>. La palomita puede sustituir exitosamente al corte tradicional, aportando caracter\u00edsticas \u00fanicas que enriquecen esta preparaci\u00f3n navide\u00f1a.<\/p>\n\n\n\n<p>La textura de la palomita cocida lentamente resulta ligeramente m\u00e1s jugosa que el peceto, lo que puede considerarse una <strong>ventaja en el vitel ton\u00e9<\/strong>. Su capacidad para absorber sabores hace que se integre perfectamente con la salsa de at\u00fan y mayonesa caracter\u00edstica del plato.<\/p>\n\n\n\n<p>Utilizar la palomita como <a href=\"https:\/\/www.frigorificosada.com.ar\/blog\/sabores-fundamentales-la-eleccion-de-la-carne-para-vitel-tone\/\"><strong>corte de carne para el vitel ton\u00e9<\/strong><\/a> es recomendable, pero hay que cocinarla entera en un caldo arom\u00e1tico con verduras, vino blanco y hierbas. El tiempo de cocci\u00f3n debe extenderse hasta lograr una terneza que permita cortarla en l\u00e1minas finas sin que se deshilache.<\/p>\n\n\n\n<h2 class=\"wp-block-heading\">Preguntas frecuentes sobre la carne palomita<\/h2>\n\n\n\n<h3 class=\"wp-block-heading\">\u00bfC\u00f3mo cocinar una palomita entera?<\/h3>\n\n\n\n<p>La mejor forma de <strong>cocinar una palomita entera<\/strong> es mediante <strong>cocciones lentas y h\u00famedas<\/strong>. Puedes cocinarla al horno a baja temperatura, bien tapada con papel de aluminio y con una base de l\u00edquido en la fuente, o brasearla en una cacerola grande. Es ideal para rellenar y luego cocinar lentamente, permitiendo que el relleno y la carne se cocinen a la perfecci\u00f3n.<\/p>\n\n\n\n<h3 class=\"wp-block-heading\">\u00bfC\u00f3mo tiernizar la palomita antes de cocinar?<\/h3>\n\n\n\n<p>Para <strong>tiernizar la palomita<\/strong>, puedes <strong>marinarla<\/strong> durante al menos 4 horas (idealmente toda la noche) en una mezcla \u00e1cida como vino, vinagre o c\u00edtricos. El sellado previo a fuego fuerte tambi\u00e9n es clave, y por supuesto, el m\u00e9todo de <strong>cocci\u00f3n lenta<\/strong> y a <strong>baja temperatura<\/strong> es la t\u00e9cnica de tiernizaci\u00f3n m\u00e1s efectiva de todas.<\/p>\n\n\n\n<h3 class=\"wp-block-heading\">\u00bfQu\u00e9 se puede hacer con la palomita adem\u00e1s de guisos?<\/h3>\n\n\n\n<p>\u00a1Much\u00edsimas cosas! Adem\u00e1s de los guisos, puedes usar la palomita para hacer carne mechada para s\u00e1ndwiches, rellenar empanadas, preparar croquetas con la carne sobrante, hacer un pastel de papas con una base de carne desmechada o incluso usarla para un rag\u00fa de pasta espectacular.<\/p>\n\n\n\n<h2 class=\"wp-block-heading\">\u00bfD\u00f3nde comprar palomita de calidad al mejor precio?<\/h2>\n\n\n\n<p>La <strong>calidad de la materia prima<\/strong> es tan importante como la t\u00e9cnica de cocci\u00f3n. Para asegurarte de que est\u00e1s comprando una <strong>palomita fresca<\/strong>, bien <a href=\"https:\/\/www.frigorificosada.com.ar\/servicios\"><strong>despostada<\/strong><\/a> y con una excelente relaci\u00f3n calidad-precio, te recomendamos acudir a expertos.<\/p>\n\n\n\n<p>En <a href=\"https:\/\/www.frigorificosada.com.ar\/\"><strong>Frigorifico SADA<\/strong><\/a>, encontrar\u00e1s este y muchos otros cortes con la garant\u00eda de calidad que solo un frigor\u00edfico especializado puede ofrecer. <strong>Atendemos tanto al p\u00fablico mayorista como al minorista<\/strong>, por lo que puedes conseguir la pieza perfecta para una comida familiar o para <strong><a href=\"https:\/\/www.frigorificosada.com.ar\/blog\/proveedores-de-carne-para-restaurantes-25ocmo\/\">abastecer tu restaurante<\/a><\/strong>. No dudes en consultar nuestro cat\u00e1logo de <a href=\"https:\/\/www.frigorificosada.com.ar\/productos\"><strong>productos c\u00e1rnicos<\/strong><\/a> o <a href=\"https:\/\/api.whatsapp.com\/send\/?phone=5491126999598\"><strong>realizar tu pedido online<\/strong><\/a> para descubrir la diferencia que hace un buen corte.<\/p>\n\n\n\n<p><\/p>\n\n\n\n<div class=\"wp-block-columns alignwide cta-blog has-base-color has-primary-background-color has-text-color has-background has-link-color has-large-font-size wp-elements-e5b4e86d10220e991b7cb255d264b034 is-layout-flex wp-container-core-columns-is-layout-db27d905 wp-block-columns-is-layout-flex\" style=\"border-style:none;border-width:0px;border-radius:30px;margin-top:0;margin-bottom:0;padding-top:0;padding-right:0;padding-bottom:0;padding-left:0\">\n<div class=\"wp-block-column is-layout-flow wp-block-column-is-layout-flow\" style=\"padding-top:var(--wp--preset--spacing--30);padding-bottom:var(--wp--preset--spacing--30)\">\n<p class=\"has-text-align-center cta-text has-base-color has-text-color has-link-color has-large-font-size wp-elements-fcbf2fd70ccc738d7c2b8b0cb9500e45\" style=\"margin-top:0px;margin-right:0px;margin-bottom:0px;margin-left:0px;line-height:1.2\">\u00a1Consegu\u00ed carne vacuna, porcina y menudencias de m\u00e1xima calidad!<\/p>\n<\/div>\n\n\n\n<div class=\"wp-block-column is-layout-flow wp-block-column-is-layout-flow\" style=\"padding-top:var(--wp--preset--spacing--30);padding-bottom:var(--wp--preset--spacing--30)\">\n<div class=\"wp-block-buttons is-content-justification-center is-layout-flex wp-container-core-buttons-is-layout-a89b3969 wp-block-buttons-is-layout-flex\">\n<div class=\"wp-block-button has-custom-width wp-block-button__width-75 cta-button is-style-fill\"><a class=\"wp-block-button__link has-contrast-color has-base-background-color has-text-color has-background has-link-color has-small-font-size has-text-align-center has-custom-font-size wp-element-button\" href=\"https:\/\/www.frigorificosada.com.ar\/productos\" style=\"border-radius:20px;padding-right:0;padding-left:0\"> Conoc\u00e9 nuestros productos<\/a><\/div>\n<\/div>\n<\/div>\n<\/div>\n\n\n\n<p><\/p>\n\n\n\n<h2 class=\"wp-block-heading\">Conclusiones<\/h2>\n\n\n\n<p>La <strong>palomita<\/strong> es mucho m\u00e1s que un <a href=\"https:\/\/www.frigorificosada.com.ar\/blog\/cortes-de-carne-baratos-25jnev\/\"><strong>corte de carne econ\u00f3mico<\/strong><\/a>, es un tesoro gastron\u00f3mico esperando ser descubierto. Es una carne noble, rendidora y llena de sabor, ideal para quienes disfrutan de la cocina casera, los platos de olla y las recetas que reconfortan el cuerpo y el esp\u00edritu. La pr\u00f3xima vez que busques algo nuevo y delicioso, no lo dudes: dale una oportunidad a la palomita.<\/p>\n\n\n\n<p>Te invitamos a explorar nuestro <a href=\"https:\/\/www.frigorificosada.com.ar\/blog\/\"><strong>blog<\/strong><\/a> y los productos de <a href=\"https:\/\/www.frigorificosada.com.ar\/\"><strong>Frigorifico SADA<\/strong><\/a> para encontrar m\u00e1s recetas, consejos y la mejor calidad en carnes para todas tus preparaciones. \u00a1An\u00edmate a cocinar y a disfrutar!<\/p>\n","protected":false},"excerpt":{"rendered":"<p>En el extenso universo de los cortes de carne vacuna, algunos son protagonistas indiscutidos (como el asado, el bife de chorizo o el lomo) y otros permanecen en un discreto segundo plano, esperando a ser descubiertos por los amantes de la buena cocina. La palomita pertenece a este segundo grupo: un corte poco conocido, pero [&hellip;]<\/p>\n","protected":false},"author":1,"featured_media":862,"comment_status":"open","ping_status":"open","sticky":false,"template":"","format":"standard","meta":{"footnotes":""},"categories":[20,19],"tags":[65,66,67,63,61,62,64],"class_list":["post-860","post","type-post","status-publish","format-standard","has-post-thumbnail","hentry","category-cortes-de-carne-vacuna","category-recetas","tag-carne-palomita-para-que-sirve","tag-carne-palomita-que-parte-de-la-vaca-es","tag-como-cocinar-palomita-a-la-cacerola","tag-corte-de-carne-palomita-para-que-sirve","tag-palomita","tag-palomita-carne-que-parte-es","tag-que-parte-de-la-vaca-es-la-palomita"],"yoast_head":"<!-- This site is optimized with the Yoast SEO plugin v24.9 - https:\/\/yoast.com\/wordpress\/plugins\/seo\/ -->\n<title>\u00bfQu\u00e9 corte es la palomita y c\u00f3mo se cocina?<\/title>\n<meta name=\"description\" content=\"Descubr\u00ed qu\u00e9 parte de la vaca es la palomita, c\u00f3mo cocinarla y para qu\u00e9 sirve este corte tierno y sabroso. Consejos, recetas y m\u00e1s.\" \/>\n<meta name=\"robots\" content=\"index, follow, max-snippet:-1, max-image-preview:large, max-video-preview:-1\" \/>\n<link rel=\"canonical\" href=\"https:\/\/www.frigorificosada.com.ar\/blog\/que-corte-es-la-palomita-25spev\/\" \/>\n<meta property=\"og:locale\" content=\"es_ES\" \/>\n<meta property=\"og:type\" content=\"article\" \/>\n<meta property=\"og:title\" content=\"\u00bfQu\u00e9 corte es la palomita y c\u00f3mo se cocina?\" \/>\n<meta property=\"og:description\" content=\"Descubr\u00ed qu\u00e9 parte de la vaca es la palomita, c\u00f3mo cocinarla y para qu\u00e9 sirve este corte tierno y sabroso. Consejos, recetas y m\u00e1s.\" \/>\n<meta property=\"og:url\" content=\"https:\/\/www.frigorificosada.com.ar\/blog\/que-corte-es-la-palomita-25spev\/\" \/>\n<meta property=\"og:site_name\" content=\"Blog Frigor\u00edfico SADA\" \/>\n<meta property=\"article:published_time\" content=\"2025-09-05T11:00:07+00:00\" \/>\n<meta property=\"article:modified_time\" content=\"2026-03-02T13:47:59+00:00\" \/>\n<meta property=\"og:image\" content=\"https:\/\/www.frigorificosada.com.ar\/blog\/wp-content\/uploads\/2025\/09\/palomita.jpg\" \/>\n\t<meta property=\"og:image:width\" content=\"1200\" \/>\n\t<meta property=\"og:image:height\" content=\"800\" \/>\n\t<meta property=\"og:image:type\" content=\"image\/jpeg\" \/>\n<meta name=\"author\" content=\"Frigorifico SADA\" \/>\n<meta name=\"twitter:card\" content=\"summary_large_image\" \/>\n<meta name=\"twitter:label1\" content=\"Escrito por\" \/>\n\t<meta name=\"twitter:data1\" content=\"Frigorifico SADA\" \/>\n\t<meta name=\"twitter:label2\" content=\"Tiempo de lectura\" \/>\n\t<meta name=\"twitter:data2\" content=\"5 minutos\" \/>\n<script type=\"application\/ld+json\" class=\"yoast-schema-graph\">{\"@context\":\"https:\/\/schema.org\",\"@graph\":[{\"@type\":\"WebPage\",\"@id\":\"https:\/\/www.frigorificosada.com.ar\/blog\/que-corte-es-la-palomita-25spev\/\",\"url\":\"https:\/\/www.frigorificosada.com.ar\/blog\/que-corte-es-la-palomita-25spev\/\",\"name\":\"\u00bfQu\u00e9 corte es la palomita y c\u00f3mo se cocina?\",\"isPartOf\":{\"@id\":\"https:\/\/www.frigorificosada.com.ar\/blog\/#website\"},\"primaryImageOfPage\":{\"@id\":\"https:\/\/www.frigorificosada.com.ar\/blog\/que-corte-es-la-palomita-25spev\/#primaryimage\"},\"image\":{\"@id\":\"https:\/\/www.frigorificosada.com.ar\/blog\/que-corte-es-la-palomita-25spev\/#primaryimage\"},\"thumbnailUrl\":\"https:\/\/www.frigorificosada.com.ar\/blog\/wp-content\/uploads\/2025\/09\/palomita.jpg\",\"datePublished\":\"2025-09-05T11:00:07+00:00\",\"dateModified\":\"2026-03-02T13:47:59+00:00\",\"author\":{\"@id\":\"https:\/\/www.frigorificosada.com.ar\/blog\/#\/schema\/person\/592d6ec3700a98a73085231129bcb8aa\"},\"description\":\"Descubr\u00ed qu\u00e9 parte de la vaca es la palomita, c\u00f3mo cocinarla y para qu\u00e9 sirve este corte tierno y sabroso. Consejos, recetas y m\u00e1s.\",\"breadcrumb\":{\"@id\":\"https:\/\/www.frigorificosada.com.ar\/blog\/que-corte-es-la-palomita-25spev\/#breadcrumb\"},\"inLanguage\":\"es-AR\",\"potentialAction\":[{\"@type\":\"ReadAction\",\"target\":[\"https:\/\/www.frigorificosada.com.ar\/blog\/que-corte-es-la-palomita-25spev\/\"]}]},{\"@type\":\"ImageObject\",\"inLanguage\":\"es-AR\",\"@id\":\"https:\/\/www.frigorificosada.com.ar\/blog\/que-corte-es-la-palomita-25spev\/#primaryimage\",\"url\":\"https:\/\/www.frigorificosada.com.ar\/blog\/wp-content\/uploads\/2025\/09\/palomita.jpg\",\"contentUrl\":\"https:\/\/www.frigorificosada.com.ar\/blog\/wp-content\/uploads\/2025\/09\/palomita.jpg\",\"width\":1200,\"height\":800,\"caption\":\"palomita corte de carne\"},{\"@type\":\"BreadcrumbList\",\"@id\":\"https:\/\/www.frigorificosada.com.ar\/blog\/que-corte-es-la-palomita-25spev\/#breadcrumb\",\"itemListElement\":[{\"@type\":\"ListItem\",\"position\":1,\"name\":\"Inicio\",\"item\":\"https:\/\/www.frigorificosada.com.ar\/blog\/\"},{\"@type\":\"ListItem\",\"position\":2,\"name\":\"\u00bfQu\u00e9 es la palomita y por qu\u00e9 deber\u00edas probar este corte?\"}]},{\"@type\":\"WebSite\",\"@id\":\"https:\/\/www.frigorificosada.com.ar\/blog\/#website\",\"url\":\"https:\/\/www.frigorificosada.com.ar\/blog\/\",\"name\":\"Blog Frigor\u00edfico SADA\",\"description\":\"\",\"potentialAction\":[{\"@type\":\"SearchAction\",\"target\":{\"@type\":\"EntryPoint\",\"urlTemplate\":\"https:\/\/www.frigorificosada.com.ar\/blog\/?s={search_term_string}\"},\"query-input\":{\"@type\":\"PropertyValueSpecification\",\"valueRequired\":true,\"valueName\":\"search_term_string\"}}],\"inLanguage\":\"es-AR\"},{\"@type\":\"Person\",\"@id\":\"https:\/\/www.frigorificosada.com.ar\/blog\/#\/schema\/person\/592d6ec3700a98a73085231129bcb8aa\",\"name\":\"Frigorifico SADA\",\"image\":{\"@type\":\"ImageObject\",\"inLanguage\":\"es-AR\",\"@id\":\"https:\/\/www.frigorificosada.com.ar\/blog\/#\/schema\/person\/image\/\",\"url\":\"https:\/\/secure.gravatar.com\/avatar\/4728df3565db59c318d31518356a084c41daf02ae0f665ce2549db75fe59ae55?s=96&d=mm&r=g\",\"contentUrl\":\"https:\/\/secure.gravatar.com\/avatar\/4728df3565db59c318d31518356a084c41daf02ae0f665ce2549db75fe59ae55?s=96&d=mm&r=g\",\"caption\":\"Frigorifico SADA\"},\"sameAs\":[\"https:\/\/www.frigorificosada.com.ar\/blog\"],\"url\":\"https:\/\/www.frigorificosada.com.ar\/blog\/author\/mdmarketing\/\"}]}<\/script>\n<!-- \/ Yoast SEO plugin. -->","yoast_head_json":{"title":"\u00bfQu\u00e9 corte es la palomita y c\u00f3mo se cocina?","description":"Descubr\u00ed qu\u00e9 parte de la vaca es la palomita, c\u00f3mo cocinarla y para qu\u00e9 sirve este corte tierno y sabroso. Consejos, recetas y m\u00e1s.","robots":{"index":"index","follow":"follow","max-snippet":"max-snippet:-1","max-image-preview":"max-image-preview:large","max-video-preview":"max-video-preview:-1"},"canonical":"https:\/\/www.frigorificosada.com.ar\/blog\/que-corte-es-la-palomita-25spev\/","og_locale":"es_ES","og_type":"article","og_title":"\u00bfQu\u00e9 corte es la palomita y c\u00f3mo se cocina?","og_description":"Descubr\u00ed qu\u00e9 parte de la vaca es la palomita, c\u00f3mo cocinarla y para qu\u00e9 sirve este corte tierno y sabroso. Consejos, recetas y m\u00e1s.","og_url":"https:\/\/www.frigorificosada.com.ar\/blog\/que-corte-es-la-palomita-25spev\/","og_site_name":"Blog Frigor\u00edfico SADA","article_published_time":"2025-09-05T11:00:07+00:00","article_modified_time":"2026-03-02T13:47:59+00:00","og_image":[{"width":1200,"height":800,"url":"https:\/\/www.frigorificosada.com.ar\/blog\/wp-content\/uploads\/2025\/09\/palomita.jpg","type":"image\/jpeg"}],"author":"Frigorifico SADA","twitter_card":"summary_large_image","twitter_misc":{"Escrito por":"Frigorifico SADA","Tiempo de lectura":"5 minutos"},"schema":{"@context":"https:\/\/schema.org","@graph":[{"@type":"WebPage","@id":"https:\/\/www.frigorificosada.com.ar\/blog\/que-corte-es-la-palomita-25spev\/","url":"https:\/\/www.frigorificosada.com.ar\/blog\/que-corte-es-la-palomita-25spev\/","name":"\u00bfQu\u00e9 corte es la palomita y c\u00f3mo se cocina?","isPartOf":{"@id":"https:\/\/www.frigorificosada.com.ar\/blog\/#website"},"primaryImageOfPage":{"@id":"https:\/\/www.frigorificosada.com.ar\/blog\/que-corte-es-la-palomita-25spev\/#primaryimage"},"image":{"@id":"https:\/\/www.frigorificosada.com.ar\/blog\/que-corte-es-la-palomita-25spev\/#primaryimage"},"thumbnailUrl":"https:\/\/www.frigorificosada.com.ar\/blog\/wp-content\/uploads\/2025\/09\/palomita.jpg","datePublished":"2025-09-05T11:00:07+00:00","dateModified":"2026-03-02T13:47:59+00:00","author":{"@id":"https:\/\/www.frigorificosada.com.ar\/blog\/#\/schema\/person\/592d6ec3700a98a73085231129bcb8aa"},"description":"Descubr\u00ed qu\u00e9 parte de la vaca es la palomita, c\u00f3mo cocinarla y para qu\u00e9 sirve este corte tierno y sabroso. Consejos, recetas y m\u00e1s.","breadcrumb":{"@id":"https:\/\/www.frigorificosada.com.ar\/blog\/que-corte-es-la-palomita-25spev\/#breadcrumb"},"inLanguage":"es-AR","potentialAction":[{"@type":"ReadAction","target":["https:\/\/www.frigorificosada.com.ar\/blog\/que-corte-es-la-palomita-25spev\/"]}]},{"@type":"ImageObject","inLanguage":"es-AR","@id":"https:\/\/www.frigorificosada.com.ar\/blog\/que-corte-es-la-palomita-25spev\/#primaryimage","url":"https:\/\/www.frigorificosada.com.ar\/blog\/wp-content\/uploads\/2025\/09\/palomita.jpg","contentUrl":"https:\/\/www.frigorificosada.com.ar\/blog\/wp-content\/uploads\/2025\/09\/palomita.jpg","width":1200,"height":800,"caption":"palomita corte de carne"},{"@type":"BreadcrumbList","@id":"https:\/\/www.frigorificosada.com.ar\/blog\/que-corte-es-la-palomita-25spev\/#breadcrumb","itemListElement":[{"@type":"ListItem","position":1,"name":"Inicio","item":"https:\/\/www.frigorificosada.com.ar\/blog\/"},{"@type":"ListItem","position":2,"name":"\u00bfQu\u00e9 es la palomita y por qu\u00e9 deber\u00edas probar este corte?"}]},{"@type":"WebSite","@id":"https:\/\/www.frigorificosada.com.ar\/blog\/#website","url":"https:\/\/www.frigorificosada.com.ar\/blog\/","name":"Blog Frigor\u00edfico SADA","description":"","potentialAction":[{"@type":"SearchAction","target":{"@type":"EntryPoint","urlTemplate":"https:\/\/www.frigorificosada.com.ar\/blog\/?s={search_term_string}"},"query-input":{"@type":"PropertyValueSpecification","valueRequired":true,"valueName":"search_term_string"}}],"inLanguage":"es-AR"},{"@type":"Person","@id":"https:\/\/www.frigorificosada.com.ar\/blog\/#\/schema\/person\/592d6ec3700a98a73085231129bcb8aa","name":"Frigorifico SADA","image":{"@type":"ImageObject","inLanguage":"es-AR","@id":"https:\/\/www.frigorificosada.com.ar\/blog\/#\/schema\/person\/image\/","url":"https:\/\/secure.gravatar.com\/avatar\/4728df3565db59c318d31518356a084c41daf02ae0f665ce2549db75fe59ae55?s=96&d=mm&r=g","contentUrl":"https:\/\/secure.gravatar.com\/avatar\/4728df3565db59c318d31518356a084c41daf02ae0f665ce2549db75fe59ae55?s=96&d=mm&r=g","caption":"Frigorifico SADA"},"sameAs":["https:\/\/www.frigorificosada.com.ar\/blog"],"url":"https:\/\/www.frigorificosada.com.ar\/blog\/author\/mdmarketing\/"}]}},"_links":{"self":[{"href":"https:\/\/www.frigorificosada.com.ar\/blog\/wp-json\/wp\/v2\/posts\/860","targetHints":{"allow":["GET"]}}],"collection":[{"href":"https:\/\/www.frigorificosada.com.ar\/blog\/wp-json\/wp\/v2\/posts"}],"about":[{"href":"https:\/\/www.frigorificosada.com.ar\/blog\/wp-json\/wp\/v2\/types\/post"}],"author":[{"embeddable":true,"href":"https:\/\/www.frigorificosada.com.ar\/blog\/wp-json\/wp\/v2\/users\/1"}],"replies":[{"embeddable":true,"href":"https:\/\/www.frigorificosada.com.ar\/blog\/wp-json\/wp\/v2\/comments?post=860"}],"version-history":[{"count":4,"href":"https:\/\/www.frigorificosada.com.ar\/blog\/wp-json\/wp\/v2\/posts\/860\/revisions"}],"predecessor-version":[{"id":970,"href":"https:\/\/www.frigorificosada.com.ar\/blog\/wp-json\/wp\/v2\/posts\/860\/revisions\/970"}],"wp:featuredmedia":[{"embeddable":true,"href":"https:\/\/www.frigorificosada.com.ar\/blog\/wp-json\/wp\/v2\/media\/862"}],"wp:attachment":[{"href":"https:\/\/www.frigorificosada.com.ar\/blog\/wp-json\/wp\/v2\/media?parent=860"}],"wp:term":[{"taxonomy":"category","embeddable":true,"href":"https:\/\/www.frigorificosada.com.ar\/blog\/wp-json\/wp\/v2\/categories?post=860"},{"taxonomy":"post_tag","embeddable":true,"href":"https:\/\/www.frigorificosada.com.ar\/blog\/wp-json\/wp\/v2\/tags?post=860"}],"curies":[{"name":"wp","href":"https:\/\/api.w.org\/{rel}","templated":true}]}}