{"id":865,"date":"2025-09-12T10:50:05","date_gmt":"2025-09-12T13:50:05","guid":{"rendered":"https:\/\/www.frigorificosada.com.ar\/blog\/?p=865"},"modified":"2026-04-14T13:32:19","modified_gmt":"2026-04-14T16:32:19","slug":"colita-de-cuadril-25spev","status":"publish","type":"post","link":"https:\/\/www.frigorificosada.com.ar\/blog\/colita-de-cuadril-25spev\/","title":{"rendered":"\u00bfQu\u00e9 es la colita de cuadril y por qu\u00e9 es tan valorada?"},"content":{"rendered":"\n<p>La <strong>colita de cuadril<\/strong> es uno de esos <a href=\"https:\/\/www.frigorificosada.com.ar\/blog\/cortes-de-carne-vacuna\/\"><strong>cortes de carne vacuna<\/strong><\/a> que despierta inter\u00e9s tanto en cocineros profesionales como en aficionados. Se trata de un corte magro, sin hueso y de forma triangular, muy popular por su versatilidad y sabor.<\/p>\n\n\n\n<p>En Argentina, este corte es apreciado en asados familiares, almuerzos especiales y <strong><a href=\"https:\/\/www.frigorificosada.com.ar\/blog\/proveedores-de-carne-para-restaurantes-25ocmo\/\">men\u00fas de restaurantes<\/a><\/strong>. Su equilibrio entre terneza y sabor la convierte en una elecci\u00f3n recurrente para quienes buscan un resultado confiable y delicioso.<\/p>\n\n\n\n<p><\/p>\n\n\n\n<div class=\"wp-block-columns alignwide cta-blog has-base-color has-primary-background-color has-text-color has-background has-link-color has-large-font-size wp-elements-e5b4e86d10220e991b7cb255d264b034 is-layout-flex wp-container-core-columns-is-layout-db27d905 wp-block-columns-is-layout-flex\" style=\"border-style:none;border-width:0px;border-radius:30px;margin-top:0;margin-bottom:0;padding-top:0;padding-right:0;padding-bottom:0;padding-left:0\">\n<div class=\"wp-block-column is-layout-flow wp-block-column-is-layout-flow\" style=\"padding-top:var(--wp--preset--spacing--30);padding-bottom:var(--wp--preset--spacing--30)\">\n<p class=\"has-text-align-center cta-text has-base-color has-text-color has-link-color has-large-font-size wp-elements-fcbf2fd70ccc738d7c2b8b0cb9500e45\" style=\"margin-top:0px;margin-right:0px;margin-bottom:0px;margin-left:0px;line-height:1.2\">\u00a1Consegu\u00ed carne vacuna, porcina y menudencias de m\u00e1xima calidad!<\/p>\n<\/div>\n\n\n\n<div class=\"wp-block-column is-layout-flow wp-block-column-is-layout-flow\" style=\"padding-top:var(--wp--preset--spacing--30);padding-bottom:var(--wp--preset--spacing--30)\">\n<div class=\"wp-block-buttons is-content-justification-center is-layout-flex wp-container-core-buttons-is-layout-a89b3969 wp-block-buttons-is-layout-flex\">\n<div class=\"wp-block-button has-custom-width wp-block-button__width-75 cta-button is-style-fill\"><a class=\"wp-block-button__link has-contrast-color has-base-background-color has-text-color has-background has-link-color has-small-font-size has-text-align-center has-custom-font-size wp-element-button\" href=\"https:\/\/www.frigorificosada.com.ar\/productos\" style=\"border-radius:20px;padding-right:0;padding-left:0\"> Conoc\u00e9 nuestros productos<\/a><\/div>\n<\/div>\n<\/div>\n<\/div>\n\n\n\n<p><\/p>\n\n\n\n<h2 class=\"wp-block-heading\">Caracter\u00edsticas principales de la colita de cuadril<\/h2>\n\n\n\n<p>La <strong>colita de cuadril<\/strong> se distingue por ser un <strong>corte magro<\/strong> y <strong>compacto<\/strong>, con una <strong>forma triangular<\/strong> que facilita su manipulaci\u00f3n y cocci\u00f3n. Al <strong>no tener hueso<\/strong>, su rendimiento es alto y no hay desperdicio.<\/p>\n\n\n\n<p>Con respecto a <strong>cu\u00e1nto pesa una colita de cuadril<\/strong>, en promedio suele rondar entre 800 gramos y 1,2 kilos, lo que la hace perfecta para preparar piezas enteras para varias personas.<\/p>\n\n\n\n<p>Su <strong>textura es suave<\/strong>, con un <strong>marmoleo ligero<\/strong> que le aporta jugosidad sin exceso de grasa. El <strong>sabor es intenso<\/strong> pero equilibrado, por lo que admite diferentes marinadas y especias. Este corte se adapta tanto a <strong>cocciones r\u00e1pidas a la parrilla<\/strong> como a <strong>preparaciones m\u00e1s lentas al horno<\/strong> o rellenas, conservando siempre su personalidad.<\/p>\n\n\n\n<p>\ud83d\udc49 <em>\u00bfQuiere saber <strong><a href=\"https:\/\/www.frigorificosada.com.ar\/blog\/como-hacer-un-asado-por-primera-vez-25ablt\/\">c\u00f3mo hacer un asado por primera vez<\/a><\/strong>? En nuestro \u00faltimo art\u00edculo te compartimos consejos de expertos.<\/em><\/p>\n\n\n\n<h2 class=\"wp-block-heading\">C\u00f3mo cocinar colita de cuadril de forma perfecta<\/h2>\n\n\n\n<p>Cuando buscamos <strong>c\u00f3mo cocinar colita de cuadril<\/strong>, debemos tener en cuenta que este corte es vers\u00e1til y se adapta a <strong>varios m\u00e9todos de cocci\u00f3n<\/strong>. Podemos asarla a la parrilla, hornearla entera o rellena, cocinarla a presi\u00f3n para un resultado m\u00e1s tierno, o incluso prepararla al vac\u00edo (<em>sous-vide<\/em>) para controlar temperatura y jugosidad al m\u00e1ximo.<\/p>\n\n\n\n<p>Si te preguntas <strong>c\u00f3mo hacer una colita de cuadril<\/strong> o <strong>c\u00f3mo preparar una colita de cuadril<\/strong>, el secreto est\u00e1 en <strong>tres factores clave<\/strong>: temperatura controlada, tiempo adecuado y marinada equilibrada. Una cocci\u00f3n r\u00e1pida a fuego alto sellar\u00e1 los jugos, mientras que un fuego medio o bajo permitir\u00e1 que el interior se cocine de manera uniforme.<\/p>\n\n\n\n<p><strong>Un tip importante<\/strong>: si quer\u00e9s que se mantenga jugosa, evit\u00e1 pincharla durante la cocci\u00f3n y dejala reposar unos minutos antes de cortarla.<\/p>\n\n\n\n<h3 class=\"wp-block-heading\">Colita de cuadril a la parrilla<\/h3>\n\n\n\n<p>Para <strong>preparar una colita de cuadril a la parrilla<\/strong>, comenz\u00e1 encendiendo el fuego con suficiente antelaci\u00f3n. Lo ideal es trabajar con <strong>brasas medianas<\/strong> que no quemen la superficie demasiado r\u00e1pido.<\/p>\n\n\n\n<ol class=\"wp-block-list\">\n<li><strong>Marinado previo:<\/strong> pod\u00e9s frotar la carne con sal gruesa, pimienta y un toque de ajo en polvo.<\/li>\n<\/ol>\n\n\n\n<ol start=\"2\" class=\"wp-block-list\">\n<li><strong>Sellado:<\/strong> coloc\u00e1 la pieza entera sobre la parrilla caliente, sellando cada lado por 3 a 4 minutos.<\/li>\n<\/ol>\n\n\n\n<ol start=\"3\" class=\"wp-block-list\">\n<li><strong>Cocci\u00f3n final:<\/strong> pasala a una zona de calor medio y cocin\u00e1 entre 25 y 35 minutos, girando ocasionalmente.<\/li>\n<\/ol>\n\n\n\n<ol start=\"4\" class=\"wp-block-list\">\n<li><strong>Reposo:<\/strong> dejala reposar 5 minutos antes de cortar.<\/li>\n<\/ol>\n\n\n\n<p>Se suele acompa\u00f1ar con ensaladas frescas, papas asadas o un buen chimichurri.<\/p>\n\n\n\n<h3 class=\"wp-block-heading\">Colita de cuadril al horno<\/h3>\n\n\n\n<p>La <strong>colita de cuadril al horno<\/strong> es ideal para un almuerzo familiar sin complicaciones. Se puede cocinar entera o rellena.<\/p>\n\n\n\n<ol class=\"wp-block-list\">\n<li><strong>Preparaci\u00f3n b\u00e1sica:<\/strong> salpiment\u00e1 la pieza y dorala en sart\u00e9n para sellar jugos.<\/li>\n<\/ol>\n\n\n\n<ol start=\"2\" class=\"wp-block-list\">\n<li><strong>Cocci\u00f3n:<\/strong> llev\u00e1 al horno precalentado a 180 \u00b0C durante 40 a 50 minutos, seg\u00fan el punto deseado.<\/li>\n<\/ol>\n\n\n\n<ol start=\"3\" class=\"wp-block-list\">\n<li><strong>Acompa\u00f1amiento:<\/strong> papas al romero, verduras asadas o una salsa de vino tinto son opciones cl\u00e1sicas.<\/li>\n<\/ol>\n\n\n\n<p>Una <strong>receta tradicional<\/strong> consiste en cocinarla con un colch\u00f3n de cebollas, zanahorias y pimientos, permitiendo que los jugos de la carne se integren a las verduras.<\/p>\n\n\n\n<h3 class=\"wp-block-heading\">C\u00f3mo rellenar una colita de cuadril<\/h3>\n\n\n\n<p>Si quer\u00e9s sorprender, <strong>aprender c\u00f3mo rellenar una colita de cuadril<\/strong> es una excelente opci\u00f3n.<\/p>\n\n\n\n<ol class=\"wp-block-list\">\n<li><strong>Apertura:<\/strong> hac\u00e9 un corte longitudinal en la pieza, sin llegar a separar las partes.<\/li>\n<\/ol>\n\n\n\n<ol start=\"2\" class=\"wp-block-list\">\n<li><strong>Relleno:<\/strong> pod\u00e9s usar combinaciones como queso y espinaca, panceta y morrones asados, o ciruelas con nueces para un toque dulce.<\/li>\n<\/ol>\n\n\n\n<ol start=\"3\" class=\"wp-block-list\">\n<li><strong>Atado:<\/strong> utiliz\u00e1 hilo de cocina para cerrar bien y asegurar la cocci\u00f3n uniforme.<\/li>\n<\/ol>\n\n\n\n<ol start=\"4\" class=\"wp-block-list\">\n<li><strong>Cocci\u00f3n:<\/strong> al horno, a la parrilla o en olla a presi\u00f3n, siempre cuidando que el relleno no se escape.<\/li>\n<\/ol>\n\n\n\n<p>Este tipo de preparaci\u00f3n es ideal para reuniones y ocasiones especiales.<\/p>\n\n\n\n<h2 class=\"wp-block-heading\">Preguntas frecuentes sobre la colita de cuadril<\/h2>\n\n\n\n<h3 class=\"wp-block-heading\">\u00bfCu\u00e1nto tiempo se cocina la colita de cuadril?<\/h3>\n\n\n\n<p>El tiempo var\u00eda seg\u00fan el m\u00e9todo y el punto deseado:<\/p>\n\n\n\n<ul class=\"wp-block-list\">\n<li><strong>A la parrilla:<\/strong> Aproximadamente 40-50 minutos en total (20-25 por lado) para un punto jugoso.<\/li>\n<\/ul>\n\n\n\n<ul class=\"wp-block-list\">\n<li><strong>Al horno (a 180\u00b0C):<\/strong> Alrededor de 20-25 minutos por cada medio kilo. Para una pieza de 1.2 kg, ser\u00e1n unos 50-60 minutos.<\/li>\n<\/ul>\n\n\n\n<p>Lo ideal es <strong>usar un term\u00f3metro de carne<\/strong> para mayor precisi\u00f3n.<\/p>\n\n\n\n<h3 class=\"wp-block-heading\">\u00bfCu\u00e1l es la diferencia entre el cuadril y la colita de cuadril?<\/h3>\n\n\n\n<p>El <strong>cuadril<\/strong> es un grupo de m\u00fasculos grande ubicado en el <strong>cuarto trasero de la res<\/strong>. La <strong>colita de cuadril es<\/strong>, como su nombre indica, <strong>la \u201ccola\u201d o punta de ese m\u00fasculo<\/strong>. Mientras que otras partes del cuadril, como el coraz\u00f3n de cuadril, son excelentes para bifes, la colita es una pieza \u00fanica, ideal para cocinar entera debido a su forma y textura uniformes.<\/p>\n\n\n\n<div class=\"wp-block-columns alignwide cta-blog has-base-color has-primary-background-color has-text-color has-background has-link-color has-large-font-size wp-elements-e5b4e86d10220e991b7cb255d264b034 is-layout-flex wp-container-core-columns-is-layout-db27d905 wp-block-columns-is-layout-flex\" style=\"border-style:none;border-width:0px;border-radius:30px;margin-top:0;margin-bottom:0;padding-top:0;padding-right:0;padding-bottom:0;padding-left:0\">\n<div class=\"wp-block-column is-layout-flow wp-block-column-is-layout-flow\" style=\"padding-top:var(--wp--preset--spacing--30);padding-bottom:var(--wp--preset--spacing--30)\">\n<p class=\"has-text-align-center cta-text has-base-color has-text-color has-link-color has-large-font-size wp-elements-fcbf2fd70ccc738d7c2b8b0cb9500e45\" style=\"margin-top:0px;margin-right:0px;margin-bottom:0px;margin-left:0px;line-height:1.2\">\u00a1Consegu\u00ed carne vacuna, porcina y menudencias de m\u00e1xima calidad!<\/p>\n<\/div>\n\n\n\n<div class=\"wp-block-column is-layout-flow wp-block-column-is-layout-flow\" style=\"padding-top:var(--wp--preset--spacing--30);padding-bottom:var(--wp--preset--spacing--30)\">\n<div class=\"wp-block-buttons is-content-justification-center is-layout-flex wp-container-core-buttons-is-layout-a89b3969 wp-block-buttons-is-layout-flex\">\n<div class=\"wp-block-button has-custom-width wp-block-button__width-75 cta-button is-style-fill\"><a class=\"wp-block-button__link has-contrast-color has-base-background-color has-text-color has-background has-link-color has-small-font-size has-text-align-center has-custom-font-size wp-element-button\" href=\"https:\/\/www.frigorificosada.com.ar\/productos\" style=\"border-radius:20px;padding-right:0;padding-left:0\"> Conoc\u00e9 nuestros productos<\/a><\/div>\n<\/div>\n<\/div>\n<\/div>\n\n\n\n<p><\/p>\n\n\n\n<h2 class=\"wp-block-heading\">Consejos para elegir la mejor colita de cuadril<\/h2>\n\n\n\n<p>La calidad del plato final empieza en la <a href=\"https:\/\/www.frigorificosada.com.ar\/sucursales\"><strong>carnicer\u00eda<\/strong><\/a>. Para elegir una buena pieza, f\u00edjate en:<\/p>\n\n\n\n<ul class=\"wp-block-list\">\n<li><strong>Color:<\/strong> Debe tener un color rojo vivo y brillante. Evita las piezas que se vean opacas o marrones.<\/li>\n<\/ul>\n\n\n\n<ul class=\"wp-block-list\">\n<li><strong>Grasa:<\/strong> La capa de grasa superficial debe ser de un color blanco o ligeramente amarillento, lo que indica una buena alimentaci\u00f3n del animal.<\/li>\n<\/ul>\n\n\n\n<ul class=\"wp-block-list\">\n<li><strong>Textura:<\/strong> La carne debe sentirse firme al tacto, no blanda ni pegajosa.<\/li>\n<\/ul>\n\n\n\n<p>Para ir a lo seguro, la mejor recomendaci\u00f3n es <a href=\"https:\/\/www.frigorificosada.com.ar\/sucursales\"><strong>comprar en carnicer\u00edas de confianza<\/strong><\/a> como <a href=\"https:\/\/www.frigorificosada.com.ar\/\"><strong>Frigorifico SADA<\/strong><\/a>, donde la calidad y la frescura est\u00e1n garantizadas en cada corte. Una vez en casa, conservala refrigerada y bien envuelta hasta el momento de su uso.<\/p>\n\n\n\n<h2 class=\"wp-block-heading\">Conclusiones<\/h2>\n\n\n\n<p>La <strong>colita de cuadril<\/strong> es mucho m\u00e1s que un simple corte de carne, es una invitaci\u00f3n a disfrutar de un sabor aut\u00e9ntico y de la versatilidad en la cocina. Ya sea que la prefieras en un asado tradicional, en un sofisticado plato al horno o rellena para una ocasi\u00f3n especial, su terneza y sabor nunca decepcionan.<\/p>\n\n\n\n<p>Te invitamos a poner en pr\u00e1ctica estos consejos y a descubrir la calidad superior de los cortes que ofrecemos en <a href=\"https:\/\/www.frigorificosada.com.ar\/\"><strong>Frigorifico SADA<\/strong><\/a>. Tanto si buscas <strong>opciones de compra mayorista para tu negocio como si quieres la mejor carne para tu hogar<\/strong>, estamos para asesorarte.<\/p>\n\n\n\n<p>\u00bfListo para cocinar la mejor colita de cuadril de tu vida? Explora nuestros <a href=\"https:\/\/www.frigorificosada.com.ar\/productos\"><strong>productos c\u00e1rnicos<\/strong><\/a> o <a href=\"https:\/\/api.whatsapp.com\/send\/?phone=5491126999598\"><strong>cont\u00e1ctanos por WhatsApp<\/strong><\/a> para recibir asesoramiento personalizado de nuestros expertos.<\/p>\n","protected":false},"excerpt":{"rendered":"<p>La colita de cuadril es uno de esos cortes de carne vacuna que despierta inter\u00e9s tanto en cocineros profesionales como en aficionados. Se trata de un corte magro, sin hueso y de forma triangular, muy popular por su versatilidad y sabor. En Argentina, este corte es apreciado en asados familiares, almuerzos especiales y men\u00fas de [&hellip;]<\/p>\n","protected":false},"author":1,"featured_media":866,"comment_status":"open","ping_status":"open","sticky":false,"template":"","format":"standard","meta":{"footnotes":""},"categories":[22,20,19],"tags":[68,72,69,71,70],"class_list":["post-865","post","type-post","status-publish","format-standard","has-post-thumbnail","hentry","category-consejos","category-cortes-de-carne-vacuna","category-recetas","tag-colita-de-cuadril","tag-colita-de-cuadril-que-parte-de-la-vaca-es","tag-colita-de-cuadril-que-parte-es","tag-como-cocinar-colita-de-cuadril","tag-que-es-la-colita-de-cuadril"],"yoast_head":"<!-- This site is optimized with the Yoast SEO plugin v24.9 - https:\/\/yoast.com\/wordpress\/plugins\/seo\/ -->\n<title>Colita de cuadril: qu\u00e9 es, c\u00f3mo cocinarla y recetas<\/title>\n<meta name=\"description\" content=\"Descubr\u00ed qu\u00e9 es la colita de cuadril, c\u00f3mo cocinarla y todas las formas de prepararla. Recetas y consejos para sacarle el m\u00e1ximo sabor.\" \/>\n<meta name=\"robots\" content=\"index, follow, max-snippet:-1, max-image-preview:large, max-video-preview:-1\" \/>\n<link rel=\"canonical\" href=\"https:\/\/www.frigorificosada.com.ar\/blog\/colita-de-cuadril-25spev\/\" \/>\n<meta property=\"og:locale\" content=\"es_ES\" \/>\n<meta property=\"og:type\" content=\"article\" \/>\n<meta property=\"og:title\" content=\"Colita de cuadril: qu\u00e9 es, c\u00f3mo cocinarla y recetas\" \/>\n<meta property=\"og:description\" content=\"Descubr\u00ed qu\u00e9 es la colita de cuadril, c\u00f3mo cocinarla y todas las formas de prepararla. Recetas y consejos para sacarle el m\u00e1ximo sabor.\" \/>\n<meta property=\"og:url\" content=\"https:\/\/www.frigorificosada.com.ar\/blog\/colita-de-cuadril-25spev\/\" \/>\n<meta property=\"og:site_name\" content=\"Blog Frigor\u00edfico SADA\" \/>\n<meta property=\"article:published_time\" content=\"2025-09-12T13:50:05+00:00\" \/>\n<meta property=\"article:modified_time\" content=\"2026-04-14T16:32:19+00:00\" \/>\n<meta property=\"og:image\" content=\"https:\/\/www.frigorificosada.com.ar\/blog\/wp-content\/uploads\/2025\/09\/colita-de-cuadril.jpg\" \/>\n\t<meta property=\"og:image:width\" content=\"1200\" \/>\n\t<meta property=\"og:image:height\" content=\"801\" \/>\n\t<meta property=\"og:image:type\" content=\"image\/jpeg\" \/>\n<meta name=\"author\" content=\"Frigorifico SADA\" \/>\n<meta name=\"twitter:card\" content=\"summary_large_image\" \/>\n<meta name=\"twitter:label1\" content=\"Escrito por\" \/>\n\t<meta name=\"twitter:data1\" content=\"Frigorifico SADA\" \/>\n\t<meta name=\"twitter:label2\" content=\"Tiempo de lectura\" \/>\n\t<meta name=\"twitter:data2\" content=\"6 minutos\" \/>\n<script type=\"application\/ld+json\" class=\"yoast-schema-graph\">{\"@context\":\"https:\/\/schema.org\",\"@graph\":[{\"@type\":\"WebPage\",\"@id\":\"https:\/\/www.frigorificosada.com.ar\/blog\/colita-de-cuadril-25spev\/\",\"url\":\"https:\/\/www.frigorificosada.com.ar\/blog\/colita-de-cuadril-25spev\/\",\"name\":\"Colita de cuadril: qu\u00e9 es, c\u00f3mo cocinarla y recetas\",\"isPartOf\":{\"@id\":\"https:\/\/www.frigorificosada.com.ar\/blog\/#website\"},\"primaryImageOfPage\":{\"@id\":\"https:\/\/www.frigorificosada.com.ar\/blog\/colita-de-cuadril-25spev\/#primaryimage\"},\"image\":{\"@id\":\"https:\/\/www.frigorificosada.com.ar\/blog\/colita-de-cuadril-25spev\/#primaryimage\"},\"thumbnailUrl\":\"https:\/\/www.frigorificosada.com.ar\/blog\/wp-content\/uploads\/2025\/09\/colita-de-cuadril.jpg\",\"datePublished\":\"2025-09-12T13:50:05+00:00\",\"dateModified\":\"2026-04-14T16:32:19+00:00\",\"author\":{\"@id\":\"https:\/\/www.frigorificosada.com.ar\/blog\/#\/schema\/person\/592d6ec3700a98a73085231129bcb8aa\"},\"description\":\"Descubr\u00ed qu\u00e9 es la colita de cuadril, c\u00f3mo cocinarla y todas las formas de prepararla. Recetas y consejos para sacarle el m\u00e1ximo sabor.\",\"breadcrumb\":{\"@id\":\"https:\/\/www.frigorificosada.com.ar\/blog\/colita-de-cuadril-25spev\/#breadcrumb\"},\"inLanguage\":\"es-AR\",\"potentialAction\":[{\"@type\":\"ReadAction\",\"target\":[\"https:\/\/www.frigorificosada.com.ar\/blog\/colita-de-cuadril-25spev\/\"]}]},{\"@type\":\"ImageObject\",\"inLanguage\":\"es-AR\",\"@id\":\"https:\/\/www.frigorificosada.com.ar\/blog\/colita-de-cuadril-25spev\/#primaryimage\",\"url\":\"https:\/\/www.frigorificosada.com.ar\/blog\/wp-content\/uploads\/2025\/09\/colita-de-cuadril.jpg\",\"contentUrl\":\"https:\/\/www.frigorificosada.com.ar\/blog\/wp-content\/uploads\/2025\/09\/colita-de-cuadril.jpg\",\"width\":1200,\"height\":801,\"caption\":\"colita de cuadril\"},{\"@type\":\"BreadcrumbList\",\"@id\":\"https:\/\/www.frigorificosada.com.ar\/blog\/colita-de-cuadril-25spev\/#breadcrumb\",\"itemListElement\":[{\"@type\":\"ListItem\",\"position\":1,\"name\":\"Inicio\",\"item\":\"https:\/\/www.frigorificosada.com.ar\/blog\/\"},{\"@type\":\"ListItem\",\"position\":2,\"name\":\"\u00bfQu\u00e9 es la colita de cuadril y por qu\u00e9 es tan valorada?\"}]},{\"@type\":\"WebSite\",\"@id\":\"https:\/\/www.frigorificosada.com.ar\/blog\/#website\",\"url\":\"https:\/\/www.frigorificosada.com.ar\/blog\/\",\"name\":\"Blog Frigor\u00edfico SADA\",\"description\":\"\",\"potentialAction\":[{\"@type\":\"SearchAction\",\"target\":{\"@type\":\"EntryPoint\",\"urlTemplate\":\"https:\/\/www.frigorificosada.com.ar\/blog\/?s={search_term_string}\"},\"query-input\":{\"@type\":\"PropertyValueSpecification\",\"valueRequired\":true,\"valueName\":\"search_term_string\"}}],\"inLanguage\":\"es-AR\"},{\"@type\":\"Person\",\"@id\":\"https:\/\/www.frigorificosada.com.ar\/blog\/#\/schema\/person\/592d6ec3700a98a73085231129bcb8aa\",\"name\":\"Frigorifico SADA\",\"image\":{\"@type\":\"ImageObject\",\"inLanguage\":\"es-AR\",\"@id\":\"https:\/\/www.frigorificosada.com.ar\/blog\/#\/schema\/person\/image\/\",\"url\":\"https:\/\/secure.gravatar.com\/avatar\/4728df3565db59c318d31518356a084c41daf02ae0f665ce2549db75fe59ae55?s=96&d=mm&r=g\",\"contentUrl\":\"https:\/\/secure.gravatar.com\/avatar\/4728df3565db59c318d31518356a084c41daf02ae0f665ce2549db75fe59ae55?s=96&d=mm&r=g\",\"caption\":\"Frigorifico SADA\"},\"sameAs\":[\"https:\/\/www.frigorificosada.com.ar\/blog\"],\"url\":\"https:\/\/www.frigorificosada.com.ar\/blog\/author\/mdmarketing\/\"}]}<\/script>\n<!-- \/ Yoast SEO plugin. -->","yoast_head_json":{"title":"Colita de cuadril: qu\u00e9 es, c\u00f3mo cocinarla y recetas","description":"Descubr\u00ed qu\u00e9 es la colita de cuadril, c\u00f3mo cocinarla y todas las formas de prepararla. Recetas y consejos para sacarle el m\u00e1ximo sabor.","robots":{"index":"index","follow":"follow","max-snippet":"max-snippet:-1","max-image-preview":"max-image-preview:large","max-video-preview":"max-video-preview:-1"},"canonical":"https:\/\/www.frigorificosada.com.ar\/blog\/colita-de-cuadril-25spev\/","og_locale":"es_ES","og_type":"article","og_title":"Colita de cuadril: qu\u00e9 es, c\u00f3mo cocinarla y recetas","og_description":"Descubr\u00ed qu\u00e9 es la colita de cuadril, c\u00f3mo cocinarla y todas las formas de prepararla. Recetas y consejos para sacarle el m\u00e1ximo sabor.","og_url":"https:\/\/www.frigorificosada.com.ar\/blog\/colita-de-cuadril-25spev\/","og_site_name":"Blog Frigor\u00edfico SADA","article_published_time":"2025-09-12T13:50:05+00:00","article_modified_time":"2026-04-14T16:32:19+00:00","og_image":[{"width":1200,"height":801,"url":"https:\/\/www.frigorificosada.com.ar\/blog\/wp-content\/uploads\/2025\/09\/colita-de-cuadril.jpg","type":"image\/jpeg"}],"author":"Frigorifico SADA","twitter_card":"summary_large_image","twitter_misc":{"Escrito por":"Frigorifico SADA","Tiempo de lectura":"6 minutos"},"schema":{"@context":"https:\/\/schema.org","@graph":[{"@type":"WebPage","@id":"https:\/\/www.frigorificosada.com.ar\/blog\/colita-de-cuadril-25spev\/","url":"https:\/\/www.frigorificosada.com.ar\/blog\/colita-de-cuadril-25spev\/","name":"Colita de cuadril: qu\u00e9 es, c\u00f3mo cocinarla y recetas","isPartOf":{"@id":"https:\/\/www.frigorificosada.com.ar\/blog\/#website"},"primaryImageOfPage":{"@id":"https:\/\/www.frigorificosada.com.ar\/blog\/colita-de-cuadril-25spev\/#primaryimage"},"image":{"@id":"https:\/\/www.frigorificosada.com.ar\/blog\/colita-de-cuadril-25spev\/#primaryimage"},"thumbnailUrl":"https:\/\/www.frigorificosada.com.ar\/blog\/wp-content\/uploads\/2025\/09\/colita-de-cuadril.jpg","datePublished":"2025-09-12T13:50:05+00:00","dateModified":"2026-04-14T16:32:19+00:00","author":{"@id":"https:\/\/www.frigorificosada.com.ar\/blog\/#\/schema\/person\/592d6ec3700a98a73085231129bcb8aa"},"description":"Descubr\u00ed qu\u00e9 es la colita de cuadril, c\u00f3mo cocinarla y todas las formas de prepararla. Recetas y consejos para sacarle el m\u00e1ximo sabor.","breadcrumb":{"@id":"https:\/\/www.frigorificosada.com.ar\/blog\/colita-de-cuadril-25spev\/#breadcrumb"},"inLanguage":"es-AR","potentialAction":[{"@type":"ReadAction","target":["https:\/\/www.frigorificosada.com.ar\/blog\/colita-de-cuadril-25spev\/"]}]},{"@type":"ImageObject","inLanguage":"es-AR","@id":"https:\/\/www.frigorificosada.com.ar\/blog\/colita-de-cuadril-25spev\/#primaryimage","url":"https:\/\/www.frigorificosada.com.ar\/blog\/wp-content\/uploads\/2025\/09\/colita-de-cuadril.jpg","contentUrl":"https:\/\/www.frigorificosada.com.ar\/blog\/wp-content\/uploads\/2025\/09\/colita-de-cuadril.jpg","width":1200,"height":801,"caption":"colita de cuadril"},{"@type":"BreadcrumbList","@id":"https:\/\/www.frigorificosada.com.ar\/blog\/colita-de-cuadril-25spev\/#breadcrumb","itemListElement":[{"@type":"ListItem","position":1,"name":"Inicio","item":"https:\/\/www.frigorificosada.com.ar\/blog\/"},{"@type":"ListItem","position":2,"name":"\u00bfQu\u00e9 es la colita de cuadril y por qu\u00e9 es tan valorada?"}]},{"@type":"WebSite","@id":"https:\/\/www.frigorificosada.com.ar\/blog\/#website","url":"https:\/\/www.frigorificosada.com.ar\/blog\/","name":"Blog Frigor\u00edfico SADA","description":"","potentialAction":[{"@type":"SearchAction","target":{"@type":"EntryPoint","urlTemplate":"https:\/\/www.frigorificosada.com.ar\/blog\/?s={search_term_string}"},"query-input":{"@type":"PropertyValueSpecification","valueRequired":true,"valueName":"search_term_string"}}],"inLanguage":"es-AR"},{"@type":"Person","@id":"https:\/\/www.frigorificosada.com.ar\/blog\/#\/schema\/person\/592d6ec3700a98a73085231129bcb8aa","name":"Frigorifico SADA","image":{"@type":"ImageObject","inLanguage":"es-AR","@id":"https:\/\/www.frigorificosada.com.ar\/blog\/#\/schema\/person\/image\/","url":"https:\/\/secure.gravatar.com\/avatar\/4728df3565db59c318d31518356a084c41daf02ae0f665ce2549db75fe59ae55?s=96&d=mm&r=g","contentUrl":"https:\/\/secure.gravatar.com\/avatar\/4728df3565db59c318d31518356a084c41daf02ae0f665ce2549db75fe59ae55?s=96&d=mm&r=g","caption":"Frigorifico SADA"},"sameAs":["https:\/\/www.frigorificosada.com.ar\/blog"],"url":"https:\/\/www.frigorificosada.com.ar\/blog\/author\/mdmarketing\/"}]}},"_links":{"self":[{"href":"https:\/\/www.frigorificosada.com.ar\/blog\/wp-json\/wp\/v2\/posts\/865","targetHints":{"allow":["GET"]}}],"collection":[{"href":"https:\/\/www.frigorificosada.com.ar\/blog\/wp-json\/wp\/v2\/posts"}],"about":[{"href":"https:\/\/www.frigorificosada.com.ar\/blog\/wp-json\/wp\/v2\/types\/post"}],"author":[{"embeddable":true,"href":"https:\/\/www.frigorificosada.com.ar\/blog\/wp-json\/wp\/v2\/users\/1"}],"replies":[{"embeddable":true,"href":"https:\/\/www.frigorificosada.com.ar\/blog\/wp-json\/wp\/v2\/comments?post=865"}],"version-history":[{"count":4,"href":"https:\/\/www.frigorificosada.com.ar\/blog\/wp-json\/wp\/v2\/posts\/865\/revisions"}],"predecessor-version":[{"id":995,"href":"https:\/\/www.frigorificosada.com.ar\/blog\/wp-json\/wp\/v2\/posts\/865\/revisions\/995"}],"wp:featuredmedia":[{"embeddable":true,"href":"https:\/\/www.frigorificosada.com.ar\/blog\/wp-json\/wp\/v2\/media\/866"}],"wp:attachment":[{"href":"https:\/\/www.frigorificosada.com.ar\/blog\/wp-json\/wp\/v2\/media?parent=865"}],"wp:term":[{"taxonomy":"category","embeddable":true,"href":"https:\/\/www.frigorificosada.com.ar\/blog\/wp-json\/wp\/v2\/categories?post=865"},{"taxonomy":"post_tag","embeddable":true,"href":"https:\/\/www.frigorificosada.com.ar\/blog\/wp-json\/wp\/v2\/tags?post=865"}],"curies":[{"name":"wp","href":"https:\/\/api.w.org\/{rel}","templated":true}]}}