{"id":953,"date":"2026-02-05T21:00:00","date_gmt":"2026-02-06T00:00:00","guid":{"rendered":"https:\/\/www.frigorificosada.com.ar\/blog\/?p=953"},"modified":"2026-04-14T13:31:12","modified_gmt":"2026-04-14T16:31:12","slug":"como-prender-el-fuego-para-el-asado-26enev","status":"publish","type":"post","link":"https:\/\/www.frigorificosada.com.ar\/blog\/como-prender-el-fuego-para-el-asado-26enev\/","title":{"rendered":"\u00bfC\u00f3mo prender el fuego para el asado correctamente?"},"content":{"rendered":"\n<p>El <a href=\"https:\/\/www.frigorificosada.com.ar\/blog\/como-hacer-un-buen-asado-argentino-a-la-parrilla\/\"><strong>asado<\/strong><\/a> es parte de la vida cotidiana en Argentina. No es solo una comida. Es un <strong>momento de encuentro<\/strong>. Y casi siempre empieza igual: con la pregunta de <strong>c\u00f3mo prender el fuego para el asado sin complicarse<\/strong>. Saber hacerlo bien marca la diferencia. Evita demoras, asegura una cocci\u00f3n pareja y ayuda a <strong>disfrutar del proceso desde el principio<\/strong>. Un buen fuego para el asado permite cocinar sin apuros y con control del calor. Y aunque parezca simple, tiene su t\u00e9cnica.<\/p>\n\n\n\n<div class=\"wp-block-columns alignwide cta-blog has-base-color has-primary-background-color has-text-color has-background has-link-color has-large-font-size wp-elements-e5b4e86d10220e991b7cb255d264b034 is-layout-flex wp-container-core-columns-is-layout-db27d905 wp-block-columns-is-layout-flex\" style=\"border-style:none;border-width:0px;border-radius:30px;margin-top:0;margin-bottom:0;padding-top:0;padding-right:0;padding-bottom:0;padding-left:0\">\n<div class=\"wp-block-column is-layout-flow wp-block-column-is-layout-flow\" style=\"padding-top:var(--wp--preset--spacing--30);padding-bottom:var(--wp--preset--spacing--30)\">\n<p class=\"has-text-align-center cta-text has-base-color has-text-color has-link-color has-large-font-size wp-elements-fcbf2fd70ccc738d7c2b8b0cb9500e45\" style=\"margin-top:0px;margin-right:0px;margin-bottom:0px;margin-left:0px;line-height:1.2\">\u00a1Consegu\u00ed carne vacuna, porcina y menudencias de m\u00e1xima calidad!<\/p>\n<\/div>\n\n\n\n<div class=\"wp-block-column is-layout-flow wp-block-column-is-layout-flow\" style=\"padding-top:var(--wp--preset--spacing--30);padding-bottom:var(--wp--preset--spacing--30)\">\n<div class=\"wp-block-buttons is-content-justification-center is-layout-flex wp-container-core-buttons-is-layout-a89b3969 wp-block-buttons-is-layout-flex\">\n<div class=\"wp-block-button has-custom-width wp-block-button__width-75 cta-button is-style-fill\"><a class=\"wp-block-button__link has-contrast-color has-base-background-color has-text-color has-background has-link-color has-small-font-size has-text-align-center has-custom-font-size wp-element-button\" href=\"https:\/\/www.frigorificosada.com.ar\/productos\" style=\"border-radius:20px;padding-right:0;padding-left:0\"> Conoc\u00e9 nuestros productos<\/a><\/div>\n<\/div>\n<\/div>\n<\/div>\n\n\n\n<h2 class=\"wp-block-heading\">\u00bfQu\u00e9 se necesita para hacer el fuego del asado?<\/h2>\n\n\n\n<p>Para saber <strong>c\u00f3mo hacer el fuego del asado<\/strong>, conviene tener a mano algunos elementos b\u00e1sicos:<\/p>\n\n\n\n<ul class=\"wp-block-list\">\n<li><strong>Carb\u00f3n: <\/strong>entrega brasas firmes y estables.<\/li>\n<\/ul>\n\n\n\n<ul class=\"wp-block-list\">\n<li><strong>Le\u00f1a: <\/strong>sirve para iniciar el fuego o usar como combustible principal.<\/li>\n<\/ul>\n\n\n\n<ul class=\"wp-block-list\">\n<li><strong>Papel o cart\u00f3n:<\/strong> ayuda a generar la primera llama.<\/li>\n<\/ul>\n\n\n\n<ul class=\"wp-block-list\">\n<li><strong>Encendedor o f\u00f3sforos: <\/strong>para iniciar el fuego.<\/li>\n<\/ul>\n\n\n\n<ul class=\"wp-block-list\">\n<li><strong>Parrilla: <\/strong>debe estar limpia y con buen apoyo.<\/li>\n<\/ul>\n\n\n\n<ul class=\"wp-block-list\">\n<li><strong>Espacio ventilado:<\/strong> permite que el fuego respire y se mantenga estable.<\/li>\n<\/ul>\n\n\n\n<p>Cada pieza tiene su funci\u00f3n. El carb\u00f3n aporta brasas r\u00e1pidas y controladas. La le\u00f1a aporta sabor y aroma. El papel sirve de base para empezar la llama. Y la ventilaci\u00f3n evita que el fuego se apague.<\/p>\n\n\n\n<h2 class=\"wp-block-heading\">\u00bfC\u00f3mo hacer el fuego para el asado con carb\u00f3n?<\/h2>\n\n\n\n<p>Si quer\u00e9s saber c\u00f3mo prender el fuego para el asado con carb\u00f3n, el m\u00e9todo tradicional sigue siendo el m\u00e1s pr\u00e1ctico. Lleva unos minutos, pero es seguro y efectivo.<\/p>\n\n\n\n<ol class=\"wp-block-list\">\n<li>Hac\u00e9 una base de papel o cart\u00f3n.<\/li>\n<\/ol>\n\n\n\n<ol start=\"2\" class=\"wp-block-list\">\n<li>Form\u00e1 un mont\u00edculo de carb\u00f3n encima.<\/li>\n<\/ol>\n\n\n\n<ol start=\"3\" class=\"wp-block-list\">\n<li>Encend\u00e9 el papel y dej\u00e1 que agarre el carb\u00f3n.<\/li>\n<\/ol>\n\n\n\n<ol start=\"4\" class=\"wp-block-list\">\n<li>Esper\u00e1 a que las piezas se tornen gris\u00e1ceas.<\/li>\n<\/ol>\n\n\n\n<ol start=\"5\" class=\"wp-block-list\">\n<li>Cuando est\u00e9n cubiertas de ceniza, movelas hacia el centro de la parrilla.<\/li>\n<\/ol>\n\n\n\n<figure class=\"wp-block-image size-large\"><img loading=\"lazy\" decoding=\"async\" width=\"1024\" height=\"572\" src=\"https:\/\/www.frigorificosada.com.ar\/blog\/wp-content\/uploads\/2026\/01\/image-1024x572.png\" alt=\"\" class=\"wp-image-955\" srcset=\"https:\/\/www.frigorificosada.com.ar\/blog\/wp-content\/uploads\/2026\/01\/image-1024x572.png 1024w, https:\/\/www.frigorificosada.com.ar\/blog\/wp-content\/uploads\/2026\/01\/image-300x168.png 300w, https:\/\/www.frigorificosada.com.ar\/blog\/wp-content\/uploads\/2026\/01\/image-768x429.png 768w, https:\/\/www.frigorificosada.com.ar\/blog\/wp-content\/uploads\/2026\/01\/image.png 1200w\" sizes=\"auto, (max-width: 1024px) 100vw, 1024px\" \/><\/figure>\n\n\n\n<p>El proceso puede tardar entre <strong>20 y 30 minutos<\/strong>. <strong>La se\u00f1al clave es el color<\/strong>: cuando el carb\u00f3n est\u00e1 bien encendido, no hay llamas altas y las brasas se ven firmes y parejas.<\/p>\n\n\n\n<h3 class=\"wp-block-heading\">\u00bfC\u00f3mo acomodar el carb\u00f3n correctamente?<\/h3>\n\n\n\n<p>La forma en que se acomoda el carb\u00f3n define la <strong>calidad del fuego<\/strong>. Para hacer fuego para asado, conviene <strong>armar una base tipo pir\u00e1mide o volc\u00e1n<\/strong>. Esta estructura permite que entre aire por los costados. El aire es esencial para que el carb\u00f3n se prenda sin apagarse. <strong>No hace falta usar demasiado carb\u00f3n al inicio<\/strong>. Lo importante es que el mont\u00edculo tenga ventilaci\u00f3n.<\/p>\n\n\n\n<h3 class=\"wp-block-heading\">\u00bfC\u00f3mo prender el carb\u00f3n de forma segura?<\/h3>\n\n\n\n<p>Para <strong>prender carb\u00f3n para asado sin riesgos<\/strong>, alcanza con papel, cart\u00f3n o encendedores naturales. <strong>No es recomendable usar l\u00edquidos inflamables<\/strong>. Adem\u00e1s de ser peligrosos, alteran el aroma y pueden afectar el sabor de la carne. Lo mejor es usar materiales secos que ardan sin producir humo excesivo.<\/p>\n\n\n\n<h2 class=\"wp-block-heading\">\u00bfC\u00f3mo prender el fuego para el asado con le\u00f1a?<\/h2>\n\n\n\n<p>Si prefer\u00eds la <strong>le\u00f1a<\/strong>, el proceso es distinto. Saber <strong>c\u00f3mo prender fuego para asado con le\u00f1a<\/strong> lleva algo m\u00e1s de tiempo, pero el resultado es m\u00e1s arom\u00e1tico.<\/p>\n\n\n\n<ol class=\"wp-block-list\">\n<li>Eleg\u00ed le\u00f1a seca y dura.<\/li>\n<\/ol>\n\n\n\n<ol start=\"2\" class=\"wp-block-list\">\n<li>Form\u00e1 una base con ramas finas o astillas.<\/li>\n<\/ol>\n\n\n\n<ol start=\"3\" class=\"wp-block-list\">\n<li>Encend\u00e9 esas ramas y agreg\u00e1 piezas m\u00e1s grandes.<\/li>\n<\/ol>\n\n\n\n<ol start=\"4\" class=\"wp-block-list\">\n<li>Esper\u00e1 a que la le\u00f1a se transforme en brasas.<\/li>\n<\/ol>\n\n\n\n<figure class=\"wp-block-image size-large\"><img loading=\"lazy\" decoding=\"async\" width=\"1024\" height=\"572\" src=\"https:\/\/www.frigorificosada.com.ar\/blog\/wp-content\/uploads\/2026\/01\/image-2-1024x572.png\" alt=\"\" class=\"wp-image-957\" srcset=\"https:\/\/www.frigorificosada.com.ar\/blog\/wp-content\/uploads\/2026\/01\/image-2-1024x572.png 1024w, https:\/\/www.frigorificosada.com.ar\/blog\/wp-content\/uploads\/2026\/01\/image-2-300x168.png 300w, https:\/\/www.frigorificosada.com.ar\/blog\/wp-content\/uploads\/2026\/01\/image-2-768x429.png 768w, https:\/\/www.frigorificosada.com.ar\/blog\/wp-content\/uploads\/2026\/01\/image-2.png 1200w\" sizes=\"auto, (max-width: 1024px) 100vw, 1024px\" \/><\/figure>\n\n\n\n<p>El paso m\u00e1s importante es la paciencia. La le\u00f1a <strong>necesita entre 40 y 60 minutos para volverse brasas parejas<\/strong>. Una vez listas, pod\u00e9s distribuirlas y empezar a cocinar.<\/p>\n\n\n\n<p>\ud83d\udc49 <em>\u00bfQuiere saber <strong><a href=\"https:\/\/www.frigorificosada.com.ar\/blog\/como-hacer-un-asado-por-primera-vez-25ablt\/\">c\u00f3mo hacer un asado por primera vez<\/a><\/strong>? En nuestro \u00faltimo art\u00edculo te compartimos consejos de expertos.<\/em><\/p>\n\n\n\n<h3 class=\"wp-block-heading\">\u00bfQu\u00e9 le\u00f1a es mejor para el asado?<\/h3>\n\n\n\n<p>Para <strong>hacer fuego con le\u00f1a para asado<\/strong>, conviene elegir maderas duras como <strong>quebracho<\/strong>, <strong>espinillo<\/strong> o <strong>algarrobo<\/strong>. Estas maderas arden lento y producen brasas firmes. Las maderas blandas se queman r\u00e1pido y generan chispas o demasiado humo. Tambi\u00e9n pueden dar un sabor amargo. Por eso es mejor evitarlas.<\/p>\n\n\n\n<h3 class=\"wp-block-heading\">Diferencias entre fuego con le\u00f1a y con carb\u00f3n<\/h3>\n\n\n\n<p>Ambos m\u00e9todos sirven, pero cada uno tiene su estilo.<\/p>\n\n\n\n<ul class=\"wp-block-list\">\n<li><strong>Carb\u00f3n: <\/strong>prende m\u00e1s r\u00e1pido y permite un calor m\u00e1s parejo.<\/li>\n<\/ul>\n\n\n\n<ul class=\"wp-block-list\">\n<li><strong>Le\u00f1a: <\/strong>tarda m\u00e1s, pero aporta aroma y sabor m\u00e1s marcado.<\/li>\n<\/ul>\n\n\n\n<p>Si necesit\u00e1s cocinar sin demora, <strong>el carb\u00f3n es pr\u00e1ctico<\/strong>. Si quer\u00e9s una experiencia m\u00e1s tradicional, la le\u00f1a es una buena opci\u00f3n. Muchos asadores combinan ambos m\u00e9todos: <strong>le\u00f1a para el aroma y carb\u00f3n para sostener el calor<\/strong>.<\/p>\n\n\n\n<figure class=\"wp-block-image size-large\"><img loading=\"lazy\" decoding=\"async\" width=\"1024\" height=\"572\" src=\"https:\/\/www.frigorificosada.com.ar\/blog\/wp-content\/uploads\/2026\/01\/image-1-1024x572.png\" alt=\"\" class=\"wp-image-956\" srcset=\"https:\/\/www.frigorificosada.com.ar\/blog\/wp-content\/uploads\/2026\/01\/image-1-1024x572.png 1024w, https:\/\/www.frigorificosada.com.ar\/blog\/wp-content\/uploads\/2026\/01\/image-1-300x168.png 300w, https:\/\/www.frigorificosada.com.ar\/blog\/wp-content\/uploads\/2026\/01\/image-1-768x429.png 768w, https:\/\/www.frigorificosada.com.ar\/blog\/wp-content\/uploads\/2026\/01\/image-1.png 1200w\" sizes=\"auto, (max-width: 1024px) 100vw, 1024px\" \/><\/figure>\n\n\n\n<h2 class=\"wp-block-heading\">M\u00e9todos f\u00e1ciles para prender fuego para asado<\/h2>\n\n\n\n<p>Hoy existen opciones modernas para quienes buscan <strong>c\u00f3mo prender fuego para asado f\u00e1cil<\/strong> y sin mucha pr\u00e1ctica. Estos m\u00e9todos ahorran tiempo y reducen errores.<\/p>\n\n\n\n<ul class=\"wp-block-list\">\n<li>Chimeneas de encendido<\/li>\n<\/ul>\n\n\n\n<ul class=\"wp-block-list\">\n<li>Encendedores ecol\u00f3gicos<\/li>\n<\/ul>\n\n\n\n<ul class=\"wp-block-list\">\n<li>Carb\u00f3n en bolsas autoencendibles<\/li>\n<\/ul>\n\n\n\n<p>Son \u00fatiles cuando hay poco tiempo o cuando el encuentro surge de improviso.<\/p>\n\n\n\n<h3 class=\"wp-block-heading\">\u00bfC\u00f3mo prender fuego para asado f\u00e1cil y r\u00e1pido?<\/h3>\n\n\n\n<p>Un m\u00e9todo simple es usar una <strong>chimenea de encendido<\/strong>. Solo se coloca carb\u00f3n dentro, se enciende papel por debajo y se espera a que las brasas se formen. Otra opci\u00f3n es el carb\u00f3n en bolsas autoencendibles. Ninguno de los dos m\u00e9todos requiere experiencia y mantienen el calor concentrado. Son una buena opci\u00f3n para quienes buscan <strong>c\u00f3mo prender un fuego para asado sin complicaciones<\/strong>.<\/p>\n\n\n\n<h3 class=\"wp-block-heading\">Uso de encendedores y accesorios<\/h3>\n\n\n\n<p>Los <strong>encendedores ecol\u00f3gicos<\/strong> son seguros y no generan humo ni aromas extra\u00f1os. Tambi\u00e9n vienen piedras para encendido o pastillas naturales. Suelen acelerar el proceso y son pr\u00e1cticos para principiantes. Cada accesorio ayuda a tener brasas listas sin esfuerzo.<\/p>\n\n\n\n<h2 class=\"wp-block-heading\">Errores comunes al hacer el fuego para el asado<\/h2>\n\n\n\n<p>A veces el apuro juega en contra. Estos son errores frecuentes:<\/p>\n\n\n\n<ul class=\"wp-block-list\">\n<li>Usar demasiado carb\u00f3n o le\u00f1a al inicio.<\/li>\n<\/ul>\n\n\n\n<ul class=\"wp-block-list\">\n<li>Intentar cocinar cuando a\u00fan hay llama.<\/li>\n<\/ul>\n\n\n\n<ul class=\"wp-block-list\">\n<li>No esperar a que se formen brasas parejas.<\/li>\n<\/ul>\n\n\n\n<ul class=\"wp-block-list\">\n<li>Falta de ventilaci\u00f3n en la base.<\/li>\n<\/ul>\n\n\n\n<ul class=\"wp-block-list\">\n<li>Echar l\u00edquidos inflamables.<\/li>\n<\/ul>\n\n\n\n<p>Estos errores pueden <strong>generar humo excesivo<\/strong>, un <strong>fuego inestable<\/strong> o <strong>carne cocida de forma desigual<\/strong>.<\/p>\n\n\n\n<h2 class=\"wp-block-heading\">\u00bfCu\u00e1ndo el fuego est\u00e1 listo para empezar el asado?<\/h2>\n\n\n\n<p>El fuego est\u00e1 listo cuando:<\/p>\n\n\n\n<ul class=\"wp-block-list\">\n<li>Las brasas est\u00e1n gris ceniza.<\/li>\n<\/ul>\n\n\n\n<ul class=\"wp-block-list\">\n<li>Ya no hay llama.<\/li>\n<\/ul>\n\n\n\n<ul class=\"wp-block-list\">\n<li>El calor se distribuye de forma pareja.<\/li>\n<\/ul>\n\n\n\n<p>En ese momento, pod\u00e9s <strong>mover las brasas seg\u00fan la necesidad del corte<\/strong>. Para cortes gruesos, conviene menos calor y m\u00e1s distancia. Para cortes finos, brasas m\u00e1s intensas.<\/p>\n\n\n\n<h2 class=\"wp-block-heading\">Consejos pr\u00e1cticos para mantener el fuego durante el asado<\/h2>\n\n\n\n<p>Para sostener la cocci\u00f3n:<\/p>\n\n\n\n<ul class=\"wp-block-list\">\n<li>Agreg\u00e1 carb\u00f3n o le\u00f1a de a poco.<\/li>\n<\/ul>\n\n\n\n<ul class=\"wp-block-list\">\n<li>Manten\u00e9 una zona de brasas fuertes y otra m\u00e1s suave.<\/li>\n<\/ul>\n\n\n\n<ul class=\"wp-block-list\">\n<li>Evit\u00e1 tapar por completo el aire.<\/li>\n<\/ul>\n\n\n\n<ul class=\"wp-block-list\">\n<li>No muevas las brasas todo el tiempo.<\/li>\n<\/ul>\n\n\n\n<p>El objetivo es mantener el calor estable sin reiniciar el fuego.<\/p>\n\n\n\n<div class=\"wp-block-columns alignwide cta-blog has-base-color has-primary-background-color has-text-color has-background has-link-color has-large-font-size wp-elements-e5b4e86d10220e991b7cb255d264b034 is-layout-flex wp-container-core-columns-is-layout-db27d905 wp-block-columns-is-layout-flex\" style=\"border-style:none;border-width:0px;border-radius:30px;margin-top:0;margin-bottom:0;padding-top:0;padding-right:0;padding-bottom:0;padding-left:0\">\n<div class=\"wp-block-column is-layout-flow wp-block-column-is-layout-flow\" style=\"padding-top:var(--wp--preset--spacing--30);padding-bottom:var(--wp--preset--spacing--30)\">\n<p class=\"has-text-align-center cta-text has-base-color has-text-color has-link-color has-large-font-size wp-elements-fcbf2fd70ccc738d7c2b8b0cb9500e45\" style=\"margin-top:0px;margin-right:0px;margin-bottom:0px;margin-left:0px;line-height:1.2\">\u00a1Consegu\u00ed carne vacuna, porcina y menudencias de m\u00e1xima calidad!<\/p>\n<\/div>\n\n\n\n<div class=\"wp-block-column is-layout-flow wp-block-column-is-layout-flow\" style=\"padding-top:var(--wp--preset--spacing--30);padding-bottom:var(--wp--preset--spacing--30)\">\n<div class=\"wp-block-buttons is-content-justification-center is-layout-flex wp-container-core-buttons-is-layout-a89b3969 wp-block-buttons-is-layout-flex\">\n<div class=\"wp-block-button has-custom-width wp-block-button__width-75 cta-button is-style-fill\"><a class=\"wp-block-button__link has-contrast-color has-base-background-color has-text-color has-background has-link-color has-small-font-size has-text-align-center has-custom-font-size wp-element-button\" href=\"https:\/\/www.frigorificosada.com.ar\/productos\" style=\"border-radius:20px;padding-right:0;padding-left:0\"> Conoc\u00e9 nuestros productos<\/a><\/div>\n<\/div>\n<\/div>\n<\/div>\n\n\n\n<h2 class=\"wp-block-heading\">Conclusiones<\/h2>\n\n\n\n<p>Saber <strong>c\u00f3mo prender el fuego para el asado<\/strong> es cuesti\u00f3n de pr\u00e1ctica y paciencia. Tanto si us\u00e1s <strong>carb\u00f3n<\/strong> como si prefer\u00eds <strong>le\u00f1a<\/strong>, el punto clave es esperar a que las brasas est\u00e9n listas. Tambi\u00e9n importa la ventilaci\u00f3n, la calidad del combustible y el control del calor.<\/p>\n\n\n\n<p>Un buen asado empieza con un buen fuego. Y para acompa\u00f1arlo, siempre ayuda elegir carnes frescas y de calidad. <strong><a href=\"https:\/\/www.frigorificosada.com.ar\/\">Frigor\u00edfico SADA<\/a><\/strong> ofrece cortes confiables y seleccionados que combinan muy bien con cualquier m\u00e9todo de cocci\u00f3n. Con un buen fuego y buena materia prima, el asado sale seguro.<\/p>\n","protected":false},"excerpt":{"rendered":"<p>El asado es parte de la vida cotidiana en Argentina. No es solo una comida. Es un momento de encuentro. Y casi siempre empieza igual: con la pregunta de c\u00f3mo prender el fuego para el asado sin complicarse. Saber hacerlo bien marca la diferencia. Evita demoras, asegura una cocci\u00f3n pareja y ayuda a disfrutar del [&hellip;]<\/p>\n","protected":false},"author":1,"featured_media":954,"comment_status":"open","ping_status":"open","sticky":false,"template":"","format":"standard","meta":{"footnotes":""},"categories":[22],"tags":[131,138,132,126,135,130,128,125,133,124,137,136,129,134,127],"class_list":["post-953","post","type-post","status-publish","format-standard","has-post-thumbnail","hentry","category-consejos","tag-como-encender-el-fuego-para-el-asado","tag-como-hacer-el-fuego-del-asado","tag-como-hacer-el-fuego-para-el-asado","tag-como-hacer-el-fuego-para-un-asado","tag-como-hacer-fuego-con-carbon","tag-como-hacer-fuego-con-lena-para-asado","tag-como-prender-carbon-para-asado","tag-como-prender-el-fuego-para-el-asado","tag-como-prender-el-fuego-para-el-asado-con-carbon","tag-como-prender-fuego-para-asado-con-lena","tag-como-prender-fuego-para-asado-facil","tag-como-prender-un-fuego-para-asado","tag-fuego-para-el-asado","tag-hacer-fuego-para-asado","tag-prender-fuego-para-asado"],"yoast_head":"<!-- This site is optimized with the Yoast SEO plugin v24.9 - https:\/\/yoast.com\/wordpress\/plugins\/seo\/ -->\n<title>C\u00f3mo prender el fuego para el asado paso a paso<\/title>\n<meta name=\"description\" content=\"Aprend\u00e9 c\u00f3mo prender el fuego para el asado con carb\u00f3n o le\u00f1a, m\u00e9todos f\u00e1ciles, errores comunes y tips para lograr brasas perfectas.\" \/>\n<meta name=\"robots\" content=\"index, follow, max-snippet:-1, max-image-preview:large, max-video-preview:-1\" \/>\n<link rel=\"canonical\" href=\"https:\/\/www.frigorificosada.com.ar\/blog\/como-prender-el-fuego-para-el-asado-26enev\/\" \/>\n<meta property=\"og:locale\" content=\"es_ES\" \/>\n<meta property=\"og:type\" content=\"article\" \/>\n<meta property=\"og:title\" content=\"C\u00f3mo prender el fuego para el asado paso a paso\" \/>\n<meta property=\"og:description\" content=\"Aprend\u00e9 c\u00f3mo prender el fuego para el asado con carb\u00f3n o le\u00f1a, m\u00e9todos f\u00e1ciles, errores comunes y tips para lograr brasas perfectas.\" \/>\n<meta property=\"og:url\" content=\"https:\/\/www.frigorificosada.com.ar\/blog\/como-prender-el-fuego-para-el-asado-26enev\/\" \/>\n<meta property=\"og:site_name\" content=\"Blog Frigor\u00edfico SADA\" \/>\n<meta property=\"article:published_time\" content=\"2026-02-06T00:00:00+00:00\" \/>\n<meta property=\"article:modified_time\" content=\"2026-04-14T16:31:12+00:00\" \/>\n<meta property=\"og:image\" content=\"https:\/\/www.frigorificosada.com.ar\/blog\/wp-content\/uploads\/2026\/01\/como-prender-el-fuego-para-el-asado.jpg\" \/>\n\t<meta property=\"og:image:width\" content=\"1200\" \/>\n\t<meta property=\"og:image:height\" content=\"900\" \/>\n\t<meta property=\"og:image:type\" content=\"image\/jpeg\" \/>\n<meta name=\"author\" content=\"Frigorifico SADA\" \/>\n<meta name=\"twitter:card\" content=\"summary_large_image\" \/>\n<meta name=\"twitter:label1\" content=\"Escrito por\" \/>\n\t<meta name=\"twitter:data1\" content=\"Frigorifico SADA\" \/>\n\t<meta name=\"twitter:label2\" content=\"Tiempo de lectura\" \/>\n\t<meta name=\"twitter:data2\" content=\"6 minutos\" \/>\n<script type=\"application\/ld+json\" class=\"yoast-schema-graph\">{\"@context\":\"https:\/\/schema.org\",\"@graph\":[{\"@type\":\"WebPage\",\"@id\":\"https:\/\/www.frigorificosada.com.ar\/blog\/como-prender-el-fuego-para-el-asado-26enev\/\",\"url\":\"https:\/\/www.frigorificosada.com.ar\/blog\/como-prender-el-fuego-para-el-asado-26enev\/\",\"name\":\"C\u00f3mo prender el fuego para el asado paso a paso\",\"isPartOf\":{\"@id\":\"https:\/\/www.frigorificosada.com.ar\/blog\/#website\"},\"primaryImageOfPage\":{\"@id\":\"https:\/\/www.frigorificosada.com.ar\/blog\/como-prender-el-fuego-para-el-asado-26enev\/#primaryimage\"},\"image\":{\"@id\":\"https:\/\/www.frigorificosada.com.ar\/blog\/como-prender-el-fuego-para-el-asado-26enev\/#primaryimage\"},\"thumbnailUrl\":\"https:\/\/www.frigorificosada.com.ar\/blog\/wp-content\/uploads\/2026\/01\/como-prender-el-fuego-para-el-asado.jpg\",\"datePublished\":\"2026-02-06T00:00:00+00:00\",\"dateModified\":\"2026-04-14T16:31:12+00:00\",\"author\":{\"@id\":\"https:\/\/www.frigorificosada.com.ar\/blog\/#\/schema\/person\/592d6ec3700a98a73085231129bcb8aa\"},\"description\":\"Aprend\u00e9 c\u00f3mo prender el fuego para el asado con carb\u00f3n o le\u00f1a, m\u00e9todos f\u00e1ciles, errores comunes y tips para lograr brasas perfectas.\",\"breadcrumb\":{\"@id\":\"https:\/\/www.frigorificosada.com.ar\/blog\/como-prender-el-fuego-para-el-asado-26enev\/#breadcrumb\"},\"inLanguage\":\"es-AR\",\"potentialAction\":[{\"@type\":\"ReadAction\",\"target\":[\"https:\/\/www.frigorificosada.com.ar\/blog\/como-prender-el-fuego-para-el-asado-26enev\/\"]}]},{\"@type\":\"ImageObject\",\"inLanguage\":\"es-AR\",\"@id\":\"https:\/\/www.frigorificosada.com.ar\/blog\/como-prender-el-fuego-para-el-asado-26enev\/#primaryimage\",\"url\":\"https:\/\/www.frigorificosada.com.ar\/blog\/wp-content\/uploads\/2026\/01\/como-prender-el-fuego-para-el-asado.jpg\",\"contentUrl\":\"https:\/\/www.frigorificosada.com.ar\/blog\/wp-content\/uploads\/2026\/01\/como-prender-el-fuego-para-el-asado.jpg\",\"width\":1200,\"height\":900,\"caption\":\"como prender el fuego para el asado\"},{\"@type\":\"BreadcrumbList\",\"@id\":\"https:\/\/www.frigorificosada.com.ar\/blog\/como-prender-el-fuego-para-el-asado-26enev\/#breadcrumb\",\"itemListElement\":[{\"@type\":\"ListItem\",\"position\":1,\"name\":\"Inicio\",\"item\":\"https:\/\/www.frigorificosada.com.ar\/blog\/\"},{\"@type\":\"ListItem\",\"position\":2,\"name\":\"\u00bfC\u00f3mo prender el fuego para el asado correctamente?\"}]},{\"@type\":\"WebSite\",\"@id\":\"https:\/\/www.frigorificosada.com.ar\/blog\/#website\",\"url\":\"https:\/\/www.frigorificosada.com.ar\/blog\/\",\"name\":\"Blog Frigor\u00edfico SADA\",\"description\":\"\",\"potentialAction\":[{\"@type\":\"SearchAction\",\"target\":{\"@type\":\"EntryPoint\",\"urlTemplate\":\"https:\/\/www.frigorificosada.com.ar\/blog\/?s={search_term_string}\"},\"query-input\":{\"@type\":\"PropertyValueSpecification\",\"valueRequired\":true,\"valueName\":\"search_term_string\"}}],\"inLanguage\":\"es-AR\"},{\"@type\":\"Person\",\"@id\":\"https:\/\/www.frigorificosada.com.ar\/blog\/#\/schema\/person\/592d6ec3700a98a73085231129bcb8aa\",\"name\":\"Frigorifico SADA\",\"image\":{\"@type\":\"ImageObject\",\"inLanguage\":\"es-AR\",\"@id\":\"https:\/\/www.frigorificosada.com.ar\/blog\/#\/schema\/person\/image\/\",\"url\":\"https:\/\/secure.gravatar.com\/avatar\/4728df3565db59c318d31518356a084c41daf02ae0f665ce2549db75fe59ae55?s=96&d=mm&r=g\",\"contentUrl\":\"https:\/\/secure.gravatar.com\/avatar\/4728df3565db59c318d31518356a084c41daf02ae0f665ce2549db75fe59ae55?s=96&d=mm&r=g\",\"caption\":\"Frigorifico SADA\"},\"sameAs\":[\"https:\/\/www.frigorificosada.com.ar\/blog\"],\"url\":\"https:\/\/www.frigorificosada.com.ar\/blog\/author\/mdmarketing\/\"}]}<\/script>\n<!-- \/ Yoast SEO plugin. -->","yoast_head_json":{"title":"C\u00f3mo prender el fuego para el asado paso a paso","description":"Aprend\u00e9 c\u00f3mo prender el fuego para el asado con carb\u00f3n o le\u00f1a, m\u00e9todos f\u00e1ciles, errores comunes y tips para lograr brasas perfectas.","robots":{"index":"index","follow":"follow","max-snippet":"max-snippet:-1","max-image-preview":"max-image-preview:large","max-video-preview":"max-video-preview:-1"},"canonical":"https:\/\/www.frigorificosada.com.ar\/blog\/como-prender-el-fuego-para-el-asado-26enev\/","og_locale":"es_ES","og_type":"article","og_title":"C\u00f3mo prender el fuego para el asado paso a paso","og_description":"Aprend\u00e9 c\u00f3mo prender el fuego para el asado con carb\u00f3n o le\u00f1a, m\u00e9todos f\u00e1ciles, errores comunes y tips para lograr brasas perfectas.","og_url":"https:\/\/www.frigorificosada.com.ar\/blog\/como-prender-el-fuego-para-el-asado-26enev\/","og_site_name":"Blog Frigor\u00edfico SADA","article_published_time":"2026-02-06T00:00:00+00:00","article_modified_time":"2026-04-14T16:31:12+00:00","og_image":[{"width":1200,"height":900,"url":"https:\/\/www.frigorificosada.com.ar\/blog\/wp-content\/uploads\/2026\/01\/como-prender-el-fuego-para-el-asado.jpg","type":"image\/jpeg"}],"author":"Frigorifico SADA","twitter_card":"summary_large_image","twitter_misc":{"Escrito por":"Frigorifico SADA","Tiempo de lectura":"6 minutos"},"schema":{"@context":"https:\/\/schema.org","@graph":[{"@type":"WebPage","@id":"https:\/\/www.frigorificosada.com.ar\/blog\/como-prender-el-fuego-para-el-asado-26enev\/","url":"https:\/\/www.frigorificosada.com.ar\/blog\/como-prender-el-fuego-para-el-asado-26enev\/","name":"C\u00f3mo prender el fuego para el asado paso a paso","isPartOf":{"@id":"https:\/\/www.frigorificosada.com.ar\/blog\/#website"},"primaryImageOfPage":{"@id":"https:\/\/www.frigorificosada.com.ar\/blog\/como-prender-el-fuego-para-el-asado-26enev\/#primaryimage"},"image":{"@id":"https:\/\/www.frigorificosada.com.ar\/blog\/como-prender-el-fuego-para-el-asado-26enev\/#primaryimage"},"thumbnailUrl":"https:\/\/www.frigorificosada.com.ar\/blog\/wp-content\/uploads\/2026\/01\/como-prender-el-fuego-para-el-asado.jpg","datePublished":"2026-02-06T00:00:00+00:00","dateModified":"2026-04-14T16:31:12+00:00","author":{"@id":"https:\/\/www.frigorificosada.com.ar\/blog\/#\/schema\/person\/592d6ec3700a98a73085231129bcb8aa"},"description":"Aprend\u00e9 c\u00f3mo prender el fuego para el asado con carb\u00f3n o le\u00f1a, m\u00e9todos f\u00e1ciles, errores comunes y tips para lograr brasas perfectas.","breadcrumb":{"@id":"https:\/\/www.frigorificosada.com.ar\/blog\/como-prender-el-fuego-para-el-asado-26enev\/#breadcrumb"},"inLanguage":"es-AR","potentialAction":[{"@type":"ReadAction","target":["https:\/\/www.frigorificosada.com.ar\/blog\/como-prender-el-fuego-para-el-asado-26enev\/"]}]},{"@type":"ImageObject","inLanguage":"es-AR","@id":"https:\/\/www.frigorificosada.com.ar\/blog\/como-prender-el-fuego-para-el-asado-26enev\/#primaryimage","url":"https:\/\/www.frigorificosada.com.ar\/blog\/wp-content\/uploads\/2026\/01\/como-prender-el-fuego-para-el-asado.jpg","contentUrl":"https:\/\/www.frigorificosada.com.ar\/blog\/wp-content\/uploads\/2026\/01\/como-prender-el-fuego-para-el-asado.jpg","width":1200,"height":900,"caption":"como prender el fuego para el asado"},{"@type":"BreadcrumbList","@id":"https:\/\/www.frigorificosada.com.ar\/blog\/como-prender-el-fuego-para-el-asado-26enev\/#breadcrumb","itemListElement":[{"@type":"ListItem","position":1,"name":"Inicio","item":"https:\/\/www.frigorificosada.com.ar\/blog\/"},{"@type":"ListItem","position":2,"name":"\u00bfC\u00f3mo prender el fuego para el asado correctamente?"}]},{"@type":"WebSite","@id":"https:\/\/www.frigorificosada.com.ar\/blog\/#website","url":"https:\/\/www.frigorificosada.com.ar\/blog\/","name":"Blog Frigor\u00edfico SADA","description":"","potentialAction":[{"@type":"SearchAction","target":{"@type":"EntryPoint","urlTemplate":"https:\/\/www.frigorificosada.com.ar\/blog\/?s={search_term_string}"},"query-input":{"@type":"PropertyValueSpecification","valueRequired":true,"valueName":"search_term_string"}}],"inLanguage":"es-AR"},{"@type":"Person","@id":"https:\/\/www.frigorificosada.com.ar\/blog\/#\/schema\/person\/592d6ec3700a98a73085231129bcb8aa","name":"Frigorifico SADA","image":{"@type":"ImageObject","inLanguage":"es-AR","@id":"https:\/\/www.frigorificosada.com.ar\/blog\/#\/schema\/person\/image\/","url":"https:\/\/secure.gravatar.com\/avatar\/4728df3565db59c318d31518356a084c41daf02ae0f665ce2549db75fe59ae55?s=96&d=mm&r=g","contentUrl":"https:\/\/secure.gravatar.com\/avatar\/4728df3565db59c318d31518356a084c41daf02ae0f665ce2549db75fe59ae55?s=96&d=mm&r=g","caption":"Frigorifico SADA"},"sameAs":["https:\/\/www.frigorificosada.com.ar\/blog"],"url":"https:\/\/www.frigorificosada.com.ar\/blog\/author\/mdmarketing\/"}]}},"_links":{"self":[{"href":"https:\/\/www.frigorificosada.com.ar\/blog\/wp-json\/wp\/v2\/posts\/953","targetHints":{"allow":["GET"]}}],"collection":[{"href":"https:\/\/www.frigorificosada.com.ar\/blog\/wp-json\/wp\/v2\/posts"}],"about":[{"href":"https:\/\/www.frigorificosada.com.ar\/blog\/wp-json\/wp\/v2\/types\/post"}],"author":[{"embeddable":true,"href":"https:\/\/www.frigorificosada.com.ar\/blog\/wp-json\/wp\/v2\/users\/1"}],"replies":[{"embeddable":true,"href":"https:\/\/www.frigorificosada.com.ar\/blog\/wp-json\/wp\/v2\/comments?post=953"}],"version-history":[{"count":2,"href":"https:\/\/www.frigorificosada.com.ar\/blog\/wp-json\/wp\/v2\/posts\/953\/revisions"}],"predecessor-version":[{"id":991,"href":"https:\/\/www.frigorificosada.com.ar\/blog\/wp-json\/wp\/v2\/posts\/953\/revisions\/991"}],"wp:featuredmedia":[{"embeddable":true,"href":"https:\/\/www.frigorificosada.com.ar\/blog\/wp-json\/wp\/v2\/media\/954"}],"wp:attachment":[{"href":"https:\/\/www.frigorificosada.com.ar\/blog\/wp-json\/wp\/v2\/media?parent=953"}],"wp:term":[{"taxonomy":"category","embeddable":true,"href":"https:\/\/www.frigorificosada.com.ar\/blog\/wp-json\/wp\/v2\/categories?post=953"},{"taxonomy":"post_tag","embeddable":true,"href":"https:\/\/www.frigorificosada.com.ar\/blog\/wp-json\/wp\/v2\/tags?post=953"}],"curies":[{"name":"wp","href":"https:\/\/api.w.org\/{rel}","templated":true}]}}